{"id":2750,"date":"2023-05-06T15:25:19","date_gmt":"2023-05-06T18:25:19","guid":{"rendered":"http:\/\/resetdrogas.com.ar\/?p=2750"},"modified":"2023-05-06T15:25:21","modified_gmt":"2023-05-06T18:25:21","slug":"determinantes-policiales-de-la-politica-represiva-contra-las-personas-que-usan-drogas-criminal-mambo","status":"publish","type":"post","link":"https:\/\/resetdrogas.com.ar\/index.php\/2023\/05\/06\/determinantes-policiales-de-la-politica-represiva-contra-las-personas-que-usan-drogas-criminal-mambo\/","title":{"rendered":"Determinantes policiales de la pol\u00edtica represiva contra las personas que usan drogas &#8211; CRIMINAL MAMBO"},"content":{"rendered":"\n<p>Mariano Fusero*, Presidente Honorario de RESET \u2013 Pol\u00edtica de Drogas y Derechos Humanos, particip\u00f3 en la primera edici\u00f3n de la Revista digital Criminal Mambo del Instituto de Pol\u00edticas P\u00fablicas de Seguridad y Justicia (Ippseju). Un nuevo espacio para el intercambio de ideas, para la discusi\u00f3n en torno a problem\u00e1ticas sobre seguridad y justicia, y una herramienta para exponer nuevas formas de pensar los conflictos sociales, promover ideas y posibilidades de acci\u00f3n y gesti\u00f3n en este campo.<\/p>\n\n\n\n<p>En esta edici\u00f3n, Fusero escribe acerca de los Determinantes policiales de la pol\u00edtica represiva contra las personas que usan drogas: \u201cLos se\u00f1alamientos sociales e institucionales introyectan en las personas el rol delincuencial, obturando la posibilidad de acudir a una debida asistencia por temor a ser criminalizadas por las fuerzas del orden y\/o estigmatizadas por sus propios entornos familiares, sociales y laborales.\u201d<\/p>\n\n\n\n<p>La revista Criminal Mambo completa y el art\u00edculo mencionado, <a href=\"https:\/\/ippseju.ar\/criminal-mambo\/\">pueden leerse ac\u00e1<\/a>: <\/p>\n\n\n<a href=\"https:\/\/resetdrogas.com.ar\/wp-content\/uploads\/2023\/05\/CRIMINAL_MAMBO_1-1.pdf\" class=\"pdfemb-viewer\" style=\"\" data-width=\"max\" data-height=\"max\" data-toolbar=\"bottom\" data-toolbar-fixed=\"off\">CRIMINAL_MAMBO_1-1<\/a>\n<p class=\"wp-block-pdfemb-pdf-embedder-viewer\"><\/p>\n\n\n\n<p>*Abogado por la Universidad de Buenos Aires (UBA) con orientaciones en Penal, Administrativo e Internacional P\u00fablico. Diplomado en Pol\u00edtica de Drogas en el Centro de Investigaci\u00f3n y Docencia Econ\u00f3mica (CIDE), M\u00e9xico. Ex becario en el Executive Course on Drug Policy, Diplomacy and Global Public Health, del Graduate Institute Geneve, Suiza. Ex Becario del Global Drug Policy Program, Reino Unido. Presidente de RESET \u2013 Pol\u00edtica de Drogas y Derechos Humanos. Miembro del Comit\u00e9 de \u00c9tica del Instituto Knowmad, Alemania. Redactor de proyectos de ley en Argentina de reforma de la Ley de Drogas N\u00ba 23.737.<\/p>\n\n\n\n<p><\/p>\n","protected":false},"excerpt":{"rendered":"<p>Mariano Fusero*, Presidente Honorario de RESET \u2013 Pol\u00edtica de Drogas y Derechos Humanos, particip\u00f3 en la primera edici\u00f3n de la Revista digital Criminal Mambo del Instituto de Pol\u00edticas P\u00fablicas de Seguridad y Justicia (Ippseju). Un nuevo espacio para el intercambio de ideas, para la discusi\u00f3n en torno a problem\u00e1ticas sobre seguridad y justicia, y una&hellip;&nbsp;<a href=\"https:\/\/resetdrogas.com.ar\/index.php\/2023\/05\/06\/determinantes-policiales-de-la-politica-represiva-contra-las-personas-que-usan-drogas-criminal-mambo\/\" rel=\"bookmark\">Leer m\u00e1s &raquo;<span class=\"screen-reader-text\">Determinantes policiales de la pol\u00edtica represiva contra las personas que usan drogas &#8211; CRIMINAL MAMBO<\/span><\/a><\/p>\n","protected":false},"author":2,"featured_media":2759,"comment_status":"open","ping_status":"open","sticky":false,"template":"","format":"standard","meta":{"neve_meta_sidebar":"","neve_meta_container":"","neve_meta_enable_content_width":"off","neve_meta_content_width":0,"neve_meta_title_alignment":"","neve_meta_author_avatar":"","neve_post_elements_order":"","neve_meta_disable_header":"","neve_meta_disable_footer":"","neve_meta_disable_title":"","footnotes":""},"categories":[20],"tags":[14,191,197,131],"class_list":["post-2750","post","type-post","status-publish","format-standard","has-post-thumbnail","hentry","category-otraspublicaciones","tag-drogas","tag-fuerzas-de-seguridad","tag-violencia-institucional","tag-violencia-policial"],"yoast_head":"<!-- This site is optimized with the Yoast SEO plugin v26.1.1 - https:\/\/yoast.com\/wordpress\/plugins\/seo\/ -->\n<title>Determinantes policiales de la pol\u00edtica represiva contra las personas que usan drogas - CRIMINAL MAMBO - RESET - Pol\u00edtica de Drogas y Derechos Humanos<\/title>\n<meta name=\"robots\" content=\"index, follow, max-snippet:-1, max-image-preview:large, max-video-preview:-1\" \/>\n<link rel=\"canonical\" href=\"https:\/\/resetdrogas.com.ar\/index.php\/2023\/05\/06\/determinantes-policiales-de-la-politica-represiva-contra-las-personas-que-usan-drogas-criminal-mambo\/\" \/>\n<meta property=\"og:locale\" content=\"es_ES\" \/>\n<meta property=\"og:type\" content=\"article\" \/>\n<meta property=\"og:title\" content=\"Determinantes policiales de la pol\u00edtica represiva contra las personas que usan drogas - CRIMINAL MAMBO - RESET - Pol\u00edtica de Drogas y Derechos Humanos\" \/>\n<meta property=\"og:description\" content=\"Mariano Fusero*, Presidente Honorario de RESET \u2013 Pol\u00edtica de Drogas y Derechos Humanos, particip\u00f3 en la primera edici\u00f3n de la Revista digital Criminal Mambo del Instituto de Pol\u00edticas P\u00fablicas de Seguridad y Justicia (Ippseju). Un nuevo espacio para el intercambio de ideas, para la discusi\u00f3n en torno a problem\u00e1ticas sobre seguridad y justicia, y una&hellip;&nbsp;Leer m\u00e1s &raquo;Determinantes policiales de la pol\u00edtica represiva contra las personas que usan drogas &#8211; CRIMINAL MAMBO\" \/>\n<meta property=\"og:url\" content=\"https:\/\/resetdrogas.com.ar\/index.php\/2023\/05\/06\/determinantes-policiales-de-la-politica-represiva-contra-las-personas-que-usan-drogas-criminal-mambo\/\" \/>\n<meta property=\"og:site_name\" content=\"RESET - Pol\u00edtica de Drogas y Derechos Humanos\" \/>\n<meta property=\"article:publisher\" content=\"https:\/\/www.facebook.com\/resetdrogas\/\" \/>\n<meta property=\"article:published_time\" content=\"2023-05-06T18:25:19+00:00\" \/>\n<meta property=\"article:modified_time\" content=\"2023-05-06T18:25:21+00:00\" \/>\n<meta property=\"og:image\" content=\"https:\/\/resetdrogas.com.ar\/wp-content\/uploads\/2023\/05\/Dise\u00f1o-sin-t\u00edtulo-1.png\" \/>\n\t<meta property=\"og:image:width\" content=\"768\" \/>\n\t<meta property=\"og:image:height\" content=\"768\" \/>\n\t<meta property=\"og:image:type\" content=\"image\/png\" \/>\n<meta name=\"author\" content=\"RESET\" \/>\n<meta name=\"twitter:card\" content=\"summary_large_image\" \/>\n<meta name=\"twitter:creator\" content=\"@resetdrogas\" \/>\n<meta name=\"twitter:site\" content=\"@resetdrogas\" \/>\n<meta name=\"twitter:label1\" content=\"Escrito por\" \/>\n\t<meta name=\"twitter:data1\" content=\"RESET\" \/>\n\t<meta name=\"twitter:label2\" content=\"Tiempo de lectura\" \/>\n\t<meta name=\"twitter:data2\" content=\"1 minuto\" \/>\n<script type=\"application\/ld+json\" class=\"yoast-schema-graph\">{\"@context\":\"https:\/\/schema.org\",\"@graph\":[{\"@type\":\"Article\",\"@id\":\"https:\/\/resetdrogas.com.ar\/index.php\/2023\/05\/06\/determinantes-policiales-de-la-politica-represiva-contra-las-personas-que-usan-drogas-criminal-mambo\/#article\",\"isPartOf\":{\"@id\":\"https:\/\/resetdrogas.com.ar\/index.php\/2023\/05\/06\/determinantes-policiales-de-la-politica-represiva-contra-las-personas-que-usan-drogas-criminal-mambo\/\"},\"author\":{\"name\":\"RESET\",\"@id\":\"https:\/\/resetdrogas.com.ar\/#\/schema\/person\/b8bc366df321b2ad67bfff74fbd08834\"},\"headline\":\"Determinantes policiales de la pol\u00edtica represiva contra las personas que usan drogas &#8211; CRIMINAL MAMBO\",\"datePublished\":\"2023-05-06T18:25:19+00:00\",\"dateModified\":\"2023-05-06T18:25:21+00:00\",\"mainEntityOfPage\":{\"@id\":\"https:\/\/resetdrogas.com.ar\/index.php\/2023\/05\/06\/determinantes-policiales-de-la-politica-represiva-contra-las-personas-que-usan-drogas-criminal-mambo\/\"},\"wordCount\":275,\"commentCount\":0,\"publisher\":{\"@id\":\"https:\/\/resetdrogas.com.ar\/#organization\"},\"image\":{\"@id\":\"https:\/\/resetdrogas.com.ar\/index.php\/2023\/05\/06\/determinantes-policiales-de-la-politica-represiva-contra-las-personas-que-usan-drogas-criminal-mambo\/#primaryimage\"},\"thumbnailUrl\":\"https:\/\/resetdrogas.com.ar\/wp-content\/uploads\/2023\/05\/Dise\u00f1o-sin-t\u00edtulo-1.png\",\"keywords\":[\"Drogas\",\"Fuerzas de Seguridad\",\"violencia institucional\",\"Violencia policial\"],\"articleSection\":[\"OTRAS PUBLICACIONES\"],\"inLanguage\":\"es-AR\",\"potentialAction\":[{\"@type\":\"CommentAction\",\"name\":\"Comment\",\"target\":[\"https:\/\/resetdrogas.com.ar\/index.php\/2023\/05\/06\/determinantes-policiales-de-la-politica-represiva-contra-las-personas-que-usan-drogas-criminal-mambo\/#respond\"]}]},{\"@type\":\"WebPage\",\"@id\":\"https:\/\/resetdrogas.com.ar\/index.php\/2023\/05\/06\/determinantes-policiales-de-la-politica-represiva-contra-las-personas-que-usan-drogas-criminal-mambo\/\",\"url\":\"https:\/\/resetdrogas.com.ar\/index.php\/2023\/05\/06\/determinantes-policiales-de-la-politica-represiva-contra-las-personas-que-usan-drogas-criminal-mambo\/\",\"name\":\"Determinantes policiales de la pol\u00edtica represiva contra las personas que usan drogas - CRIMINAL MAMBO - RESET - Pol\u00edtica de Drogas y Derechos Humanos\",\"isPartOf\":{\"@id\":\"https:\/\/resetdrogas.com.ar\/#website\"},\"primaryImageOfPage\":{\"@id\":\"https:\/\/resetdrogas.com.ar\/index.php\/2023\/05\/06\/determinantes-policiales-de-la-politica-represiva-contra-las-personas-que-usan-drogas-criminal-mambo\/#primaryimage\"},\"image\":{\"@id\":\"https:\/\/resetdrogas.com.ar\/index.php\/2023\/05\/06\/determinantes-policiales-de-la-politica-represiva-contra-las-personas-que-usan-drogas-criminal-mambo\/#primaryimage\"},\"thumbnailUrl\":\"https:\/\/resetdrogas.com.ar\/wp-content\/uploads\/2023\/05\/Dise\u00f1o-sin-t\u00edtulo-1.png\",\"datePublished\":\"2023-05-06T18:25:19+00:00\",\"dateModified\":\"2023-05-06T18:25:21+00:00\",\"breadcrumb\":{\"@id\":\"https:\/\/resetdrogas.com.ar\/index.php\/2023\/05\/06\/determinantes-policiales-de-la-politica-represiva-contra-las-personas-que-usan-drogas-criminal-mambo\/#breadcrumb\"},\"inLanguage\":\"es-AR\",\"potentialAction\":[{\"@type\":\"ReadAction\",\"target\":[\"https:\/\/resetdrogas.com.ar\/index.php\/2023\/05\/06\/determinantes-policiales-de-la-politica-represiva-contra-las-personas-que-usan-drogas-criminal-mambo\/\"]}]},{\"@type\":\"ImageObject\",\"inLanguage\":\"es-AR\",\"@id\":\"https:\/\/resetdrogas.com.ar\/index.php\/2023\/05\/06\/determinantes-policiales-de-la-politica-represiva-contra-las-personas-que-usan-drogas-criminal-mambo\/#primaryimage\",\"url\":\"https:\/\/resetdrogas.com.ar\/wp-content\/uploads\/2023\/05\/Dise\u00f1o-sin-t\u00edtulo-1.png\",\"contentUrl\":\"https:\/\/resetdrogas.com.ar\/wp-content\/uploads\/2023\/05\/Dise\u00f1o-sin-t\u00edtulo-1.png\",\"width\":768,\"height\":768},{\"@type\":\"BreadcrumbList\",\"@id\":\"https:\/\/resetdrogas.com.ar\/index.php\/2023\/05\/06\/determinantes-policiales-de-la-politica-represiva-contra-las-personas-que-usan-drogas-criminal-mambo\/#breadcrumb\",\"itemListElement\":[{\"@type\":\"ListItem\",\"position\":1,\"name\":\"Inicio\",\"item\":\"https:\/\/resetdrogas.com.ar\/\"},{\"@type\":\"ListItem\",\"position\":2,\"name\":\"Determinantes policiales de la pol\u00edtica represiva contra las personas que usan drogas &#8211; CRIMINAL MAMBO\"}]},{\"@type\":\"WebSite\",\"@id\":\"https:\/\/resetdrogas.com.ar\/#website\",\"url\":\"https:\/\/resetdrogas.com.ar\/\",\"name\":\"RESET - Pol\u00edtica de Drogas y Derechos Humanos\",\"description\":\"ONG de Argentina dedicada a las pol\u00edticas de drogas respetuosas de los derechos humanos.\",\"publisher\":{\"@id\":\"https:\/\/resetdrogas.com.ar\/#organization\"},\"potentialAction\":[{\"@type\":\"SearchAction\",\"target\":{\"@type\":\"EntryPoint\",\"urlTemplate\":\"https:\/\/resetdrogas.com.ar\/?s={search_term_string}\"},\"query-input\":{\"@type\":\"PropertyValueSpecification\",\"valueRequired\":true,\"valueName\":\"search_term_string\"}}],\"inLanguage\":\"es-AR\"},{\"@type\":\"Organization\",\"@id\":\"https:\/\/resetdrogas.com.ar\/#organization\",\"name\":\"RESET - Pol\u00edtica de Drogas y Derechos Humanos\",\"url\":\"https:\/\/resetdrogas.com.ar\/\",\"logo\":{\"@type\":\"ImageObject\",\"inLanguage\":\"es-AR\",\"@id\":\"https:\/\/resetdrogas.com.ar\/#\/schema\/logo\/image\/\",\"url\":\"https:\/\/resetdrogas.com.ar\/wp-content\/uploads\/2019\/07\/cropped-VERSION-FINAL-EN-ESPA\u00d1OL-1.png\",\"contentUrl\":\"https:\/\/resetdrogas.com.ar\/wp-content\/uploads\/2019\/07\/cropped-VERSION-FINAL-EN-ESPA\u00d1OL-1.png\",\"width\":3000,\"height\":1033,\"caption\":\"RESET - Pol\u00edtica de Drogas y Derechos Humanos\"},\"image\":{\"@id\":\"https:\/\/resetdrogas.com.ar\/#\/schema\/logo\/image\/\"},\"sameAs\":[\"https:\/\/www.facebook.com\/resetdrogas\/\",\"https:\/\/x.com\/resetdrogas\",\"https:\/\/www.instagram.com\/resetdrogas\/\",\"https:\/\/www.youtube.com\/channel\/UC5jrDolttVvxNJtewHOtl_w\"]},{\"@type\":\"Person\",\"@id\":\"https:\/\/resetdrogas.com.ar\/#\/schema\/person\/b8bc366df321b2ad67bfff74fbd08834\",\"name\":\"RESET\",\"image\":{\"@type\":\"ImageObject\",\"inLanguage\":\"es-AR\",\"@id\":\"https:\/\/resetdrogas.com.ar\/#\/schema\/person\/image\/\",\"url\":\"https:\/\/secure.gravatar.com\/avatar\/03dcf70ef6c8662b5d44e180c04f094b51e084c3beb06bba06785fb2e1b84f88?s=96&d=mm&r=g\",\"contentUrl\":\"https:\/\/secure.gravatar.com\/avatar\/03dcf70ef6c8662b5d44e180c04f094b51e084c3beb06bba06785fb2e1b84f88?s=96&d=mm&r=g\",\"caption\":\"RESET\"},\"url\":\"https:\/\/resetdrogas.com.ar\/index.php\/author\/resetdrogas\/\"}]}<\/script>\n<!-- \/ Yoast SEO plugin. -->","yoast_head_json":{"title":"Determinantes policiales de la pol\u00edtica represiva contra las personas que usan drogas - CRIMINAL MAMBO - RESET - Pol\u00edtica de Drogas y Derechos Humanos","robots":{"index":"index","follow":"follow","max-snippet":"max-snippet:-1","max-image-preview":"max-image-preview:large","max-video-preview":"max-video-preview:-1"},"canonical":"https:\/\/resetdrogas.com.ar\/index.php\/2023\/05\/06\/determinantes-policiales-de-la-politica-represiva-contra-las-personas-que-usan-drogas-criminal-mambo\/","og_locale":"es_ES","og_type":"article","og_title":"Determinantes policiales de la pol\u00edtica represiva contra las personas que usan drogas - CRIMINAL MAMBO - RESET - Pol\u00edtica de Drogas y Derechos Humanos","og_description":"Mariano Fusero*, Presidente Honorario de RESET \u2013 Pol\u00edtica de Drogas y Derechos Humanos, particip\u00f3 en la primera edici\u00f3n de la Revista digital Criminal Mambo del Instituto de Pol\u00edticas P\u00fablicas de Seguridad y Justicia (Ippseju). Un nuevo espacio para el intercambio de ideas, para la discusi\u00f3n en torno a problem\u00e1ticas sobre seguridad y justicia, y una&hellip;&nbsp;Leer m\u00e1s &raquo;Determinantes policiales de la pol\u00edtica represiva contra las personas que usan drogas &#8211; CRIMINAL MAMBO","og_url":"https:\/\/resetdrogas.com.ar\/index.php\/2023\/05\/06\/determinantes-policiales-de-la-politica-represiva-contra-las-personas-que-usan-drogas-criminal-mambo\/","og_site_name":"RESET - Pol\u00edtica de Drogas y Derechos Humanos","article_publisher":"https:\/\/www.facebook.com\/resetdrogas\/","article_published_time":"2023-05-06T18:25:19+00:00","article_modified_time":"2023-05-06T18:25:21+00:00","og_image":[{"width":768,"height":768,"url":"https:\/\/resetdrogas.com.ar\/wp-content\/uploads\/2023\/05\/Dise\u00f1o-sin-t\u00edtulo-1.png","type":"image\/png"}],"author":"RESET","twitter_card":"summary_large_image","twitter_creator":"@resetdrogas","twitter_site":"@resetdrogas","twitter_misc":{"Escrito por":"RESET","Tiempo de lectura":"1 minuto"},"schema":{"@context":"https:\/\/schema.org","@graph":[{"@type":"Article","@id":"https:\/\/resetdrogas.com.ar\/index.php\/2023\/05\/06\/determinantes-policiales-de-la-politica-represiva-contra-las-personas-que-usan-drogas-criminal-mambo\/#article","isPartOf":{"@id":"https:\/\/resetdrogas.com.ar\/index.php\/2023\/05\/06\/determinantes-policiales-de-la-politica-represiva-contra-las-personas-que-usan-drogas-criminal-mambo\/"},"author":{"name":"RESET","@id":"https:\/\/resetdrogas.com.ar\/#\/schema\/person\/b8bc366df321b2ad67bfff74fbd08834"},"headline":"Determinantes policiales de la pol\u00edtica represiva contra las personas que usan drogas &#8211; CRIMINAL MAMBO","datePublished":"2023-05-06T18:25:19+00:00","dateModified":"2023-05-06T18:25:21+00:00","mainEntityOfPage":{"@id":"https:\/\/resetdrogas.com.ar\/index.php\/2023\/05\/06\/determinantes-policiales-de-la-politica-represiva-contra-las-personas-que-usan-drogas-criminal-mambo\/"},"wordCount":275,"commentCount":0,"publisher":{"@id":"https:\/\/resetdrogas.com.ar\/#organization"},"image":{"@id":"https:\/\/resetdrogas.com.ar\/index.php\/2023\/05\/06\/determinantes-policiales-de-la-politica-represiva-contra-las-personas-que-usan-drogas-criminal-mambo\/#primaryimage"},"thumbnailUrl":"https:\/\/resetdrogas.com.ar\/wp-content\/uploads\/2023\/05\/Dise\u00f1o-sin-t\u00edtulo-1.png","keywords":["Drogas","Fuerzas de Seguridad","violencia institucional","Violencia policial"],"articleSection":["OTRAS PUBLICACIONES"],"inLanguage":"es-AR","potentialAction":[{"@type":"CommentAction","name":"Comment","target":["https:\/\/resetdrogas.com.ar\/index.php\/2023\/05\/06\/determinantes-policiales-de-la-politica-represiva-contra-las-personas-que-usan-drogas-criminal-mambo\/#respond"]}]},{"@type":"WebPage","@id":"https:\/\/resetdrogas.com.ar\/index.php\/2023\/05\/06\/determinantes-policiales-de-la-politica-represiva-contra-las-personas-que-usan-drogas-criminal-mambo\/","url":"https:\/\/resetdrogas.com.ar\/index.php\/2023\/05\/06\/determinantes-policiales-de-la-politica-represiva-contra-las-personas-que-usan-drogas-criminal-mambo\/","name":"Determinantes policiales de la pol\u00edtica represiva contra las personas que usan drogas - CRIMINAL MAMBO - RESET - Pol\u00edtica de Drogas y Derechos Humanos","isPartOf":{"@id":"https:\/\/resetdrogas.com.ar\/#website"},"primaryImageOfPage":{"@id":"https:\/\/resetdrogas.com.ar\/index.php\/2023\/05\/06\/determinantes-policiales-de-la-politica-represiva-contra-las-personas-que-usan-drogas-criminal-mambo\/#primaryimage"},"image":{"@id":"https:\/\/resetdrogas.com.ar\/index.php\/2023\/05\/06\/determinantes-policiales-de-la-politica-represiva-contra-las-personas-que-usan-drogas-criminal-mambo\/#primaryimage"},"thumbnailUrl":"https:\/\/resetdrogas.com.ar\/wp-content\/uploads\/2023\/05\/Dise\u00f1o-sin-t\u00edtulo-1.png","datePublished":"2023-05-06T18:25:19+00:00","dateModified":"2023-05-06T18:25:21+00:00","breadcrumb":{"@id":"https:\/\/resetdrogas.com.ar\/index.php\/2023\/05\/06\/determinantes-policiales-de-la-politica-represiva-contra-las-personas-que-usan-drogas-criminal-mambo\/#breadcrumb"},"inLanguage":"es-AR","potentialAction":[{"@type":"ReadAction","target":["https:\/\/resetdrogas.com.ar\/index.php\/2023\/05\/06\/determinantes-policiales-de-la-politica-represiva-contra-las-personas-que-usan-drogas-criminal-mambo\/"]}]},{"@type":"ImageObject","inLanguage":"es-AR","@id":"https:\/\/resetdrogas.com.ar\/index.php\/2023\/05\/06\/determinantes-policiales-de-la-politica-represiva-contra-las-personas-que-usan-drogas-criminal-mambo\/#primaryimage","url":"https:\/\/resetdrogas.com.ar\/wp-content\/uploads\/2023\/05\/Dise\u00f1o-sin-t\u00edtulo-1.png","contentUrl":"https:\/\/resetdrogas.com.ar\/wp-content\/uploads\/2023\/05\/Dise\u00f1o-sin-t\u00edtulo-1.png","width":768,"height":768},{"@type":"BreadcrumbList","@id":"https:\/\/resetdrogas.com.ar\/index.php\/2023\/05\/06\/determinantes-policiales-de-la-politica-represiva-contra-las-personas-que-usan-drogas-criminal-mambo\/#breadcrumb","itemListElement":[{"@type":"ListItem","position":1,"name":"Inicio","item":"https:\/\/resetdrogas.com.ar\/"},{"@type":"ListItem","position":2,"name":"Determinantes policiales de la pol\u00edtica represiva contra las personas que usan drogas &#8211; CRIMINAL MAMBO"}]},{"@type":"WebSite","@id":"https:\/\/resetdrogas.com.ar\/#website","url":"https:\/\/resetdrogas.com.ar\/","name":"RESET - Pol\u00edtica de Drogas y Derechos Humanos","description":"ONG de Argentina dedicada a las pol\u00edticas de drogas respetuosas de los derechos humanos.","publisher":{"@id":"https:\/\/resetdrogas.com.ar\/#organization"},"potentialAction":[{"@type":"SearchAction","target":{"@type":"EntryPoint","urlTemplate":"https:\/\/resetdrogas.com.ar\/?s={search_term_string}"},"query-input":{"@type":"PropertyValueSpecification","valueRequired":true,"valueName":"search_term_string"}}],"inLanguage":"es-AR"},{"@type":"Organization","@id":"https:\/\/resetdrogas.com.ar\/#organization","name":"RESET - Pol\u00edtica de Drogas y Derechos Humanos","url":"https:\/\/resetdrogas.com.ar\/","logo":{"@type":"ImageObject","inLanguage":"es-AR","@id":"https:\/\/resetdrogas.com.ar\/#\/schema\/logo\/image\/","url":"https:\/\/resetdrogas.com.ar\/wp-content\/uploads\/2019\/07\/cropped-VERSION-FINAL-EN-ESPA\u00d1OL-1.png","contentUrl":"https:\/\/resetdrogas.com.ar\/wp-content\/uploads\/2019\/07\/cropped-VERSION-FINAL-EN-ESPA\u00d1OL-1.png","width":3000,"height":1033,"caption":"RESET - Pol\u00edtica de Drogas y Derechos Humanos"},"image":{"@id":"https:\/\/resetdrogas.com.ar\/#\/schema\/logo\/image\/"},"sameAs":["https:\/\/www.facebook.com\/resetdrogas\/","https:\/\/x.com\/resetdrogas","https:\/\/www.instagram.com\/resetdrogas\/","https:\/\/www.youtube.com\/channel\/UC5jrDolttVvxNJtewHOtl_w"]},{"@type":"Person","@id":"https:\/\/resetdrogas.com.ar\/#\/schema\/person\/b8bc366df321b2ad67bfff74fbd08834","name":"RESET","image":{"@type":"ImageObject","inLanguage":"es-AR","@id":"https:\/\/resetdrogas.com.ar\/#\/schema\/person\/image\/","url":"https:\/\/secure.gravatar.com\/avatar\/03dcf70ef6c8662b5d44e180c04f094b51e084c3beb06bba06785fb2e1b84f88?s=96&d=mm&r=g","contentUrl":"https:\/\/secure.gravatar.com\/avatar\/03dcf70ef6c8662b5d44e180c04f094b51e084c3beb06bba06785fb2e1b84f88?s=96&d=mm&r=g","caption":"RESET"},"url":"https:\/\/resetdrogas.com.ar\/index.php\/author\/resetdrogas\/"}]}},"_links":{"self":[{"href":"https:\/\/resetdrogas.com.ar\/index.php\/wp-json\/wp\/v2\/posts\/2750","targetHints":{"allow":["GET"]}}],"collection":[{"href":"https:\/\/resetdrogas.com.ar\/index.php\/wp-json\/wp\/v2\/posts"}],"about":[{"href":"https:\/\/resetdrogas.com.ar\/index.php\/wp-json\/wp\/v2\/types\/post"}],"author":[{"embeddable":true,"href":"https:\/\/resetdrogas.com.ar\/index.php\/wp-json\/wp\/v2\/users\/2"}],"replies":[{"embeddable":true,"href":"https:\/\/resetdrogas.com.ar\/index.php\/wp-json\/wp\/v2\/comments?post=2750"}],"version-history":[{"count":5,"href":"https:\/\/resetdrogas.com.ar\/index.php\/wp-json\/wp\/v2\/posts\/2750\/revisions"}],"predecessor-version":[{"id":2757,"href":"https:\/\/resetdrogas.com.ar\/index.php\/wp-json\/wp\/v2\/posts\/2750\/revisions\/2757"}],"wp:featuredmedia":[{"embeddable":true,"href":"https:\/\/resetdrogas.com.ar\/index.php\/wp-json\/wp\/v2\/media\/2759"}],"wp:attachment":[{"href":"https:\/\/resetdrogas.com.ar\/index.php\/wp-json\/wp\/v2\/media?parent=2750"}],"wp:term":[{"taxonomy":"category","embeddable":true,"href":"https:\/\/resetdrogas.com.ar\/index.php\/wp-json\/wp\/v2\/categories?post=2750"},{"taxonomy":"post_tag","embeddable":true,"href":"https:\/\/resetdrogas.com.ar\/index.php\/wp-json\/wp\/v2\/tags?post=2750"}],"curies":[{"name":"wp","href":"https:\/\/api.w.org\/{rel}","templated":true}]}}