{"id":2026,"date":"2021-09-07T14:05:42","date_gmt":"2021-09-07T17:05:42","guid":{"rendered":"http:\/\/resetdrogas.com.ar\/?p=2026"},"modified":"2021-09-07T14:08:46","modified_gmt":"2021-09-07T17:08:46","slug":"vidal-y-la-marihuana-los-limites-del-sentido-comun","status":"publish","type":"post","link":"https:\/\/resetdrogas.com.ar\/index.php\/2021\/09\/07\/vidal-y-la-marihuana-los-limites-del-sentido-comun\/","title":{"rendered":"Vidal y la marihuana: los l\u00edmites del sentido com\u00fan"},"content":{"rendered":"\t\t<div data-elementor-type=\"wp-post\" data-elementor-id=\"2026\" class=\"elementor elementor-2026\">\n\t\t\t\t\t\t<section class=\"elementor-section elementor-top-section elementor-element elementor-element-28b5c00b elementor-section-boxed elementor-section-height-default elementor-section-height-default\" data-id=\"28b5c00b\" data-element_type=\"section\">\n\t\t\t\t\t\t<div class=\"elementor-container elementor-column-gap-default\">\n\t\t\t\t\t<div class=\"elementor-column elementor-col-100 elementor-top-column elementor-element elementor-element-4689f8b5\" data-id=\"4689f8b5\" data-element_type=\"column\">\n\t\t\t<div class=\"elementor-widget-wrap elementor-element-populated\">\n\t\t\t\t\t\t<div class=\"elementor-element elementor-element-1358ecf elementor-widget elementor-widget-text-editor\" data-id=\"1358ecf\" data-element_type=\"widget\" data-widget_type=\"text-editor.default\">\n\t\t\t\t<div class=\"elementor-widget-container\">\n\t\t\t\t\t\t\t\t\t<p><span style=\"color: #000000;\"><\/span><\/p>\n<p><span style=\"color: #000000;\">Cajas negras e imaginaci\u00f3n sociol\u00f3gica para dar respuesta a sus testimonios.<\/span><\/p>\n<p><span style=\"color: #000000;\"><\/span><\/p>\n<p><span style=\"color: #000000;\">Por <strong>Dalila Tealdi<a style=\"color: #000000;\" href=\"#sdfootnote1sym\"><sup>1<\/sup><\/a><\/strong><\/span><\/p>\n<p><span style=\"color: #000000;\"><\/span><\/p>\n<p><span style=\"color: #000000;\">\u00bfC\u00f3mo pensar y analizar lo dicho por la exgobernadora Mar\u00eda Eugenia Vidal<a style=\"color: #000000;\" href=\"#sdfootnote2sym\"><sup>2<\/sup><\/a> respecto a la legalizaci\u00f3n de la marihuana? \u00bfCu\u00e1ntos mensajes discriminatorios, clasistas, estigmatizantes y anti derechos podemos encontrar en un discurso de un minuto? \u00bfC\u00f3mo, en su l\u00f3gica de correlaciones, consumir marihuana en Palermo es igual a relajarse, y hacerlo en la villa es igual a riesgoso\/problem\u00e1tico? Propongo analizar sus dichos desde la mirada sociol\u00f3gica de Howard Becker: c\u00f3mo A lleva a B, y el abordaje de los acontecimientos como cajas negras: \u201c<em>todos sabemos lo que ingresa en ese aparato misterioso y lo que sale. Lo que desconocemos es precisamente lo que m\u00e1s deseamos saber: c\u00f3mo aquello que ingresa (input) se convierte en lo que sale del otro lado (output)<\/em>\u201d<a style=\"color: #000000;\" href=\"#sdfootnote3sym\"><sup>3<\/sup><\/a>.<\/span><\/p>\n<p><span style=\"color: #000000;\"><\/span><\/p>\n<p><span style=\"color: #000000;\">Del discurso de Mar\u00eda Eugenia Vidal podemos sacar sus inputs (clase, edad, geograf\u00eda) y el output (un\/a consumidor\/a recreacional y, por otro lado, un consumidor\/a problem\u00e1tico\/a); lo que interviene en el proceso para que se produzca ese output est\u00e1 invisibilizado en sus dichos. Su ecuaci\u00f3n dir\u00eda que todo\/a joven pobre que vive en una villa no puede, \u201cdeliberadamente\u201d, hacer un uso recreativo marihuana porque para ellos\/as significar\u00eda el \u201cinicio de un camino mucho m\u00e1s jodido y duro\u201d hacia la dependencia. En cambio, un\/a joven clase media o alta que vive en Palermo, podr\u00eda elegir libremente, gracias a sus facultades (\u00bfclasistas? \u00bfmorales?), consumir marihuana para relajarse o pasarla bien con amigos\/as.<\/span><\/p>\n<p><span style=\"color: #000000;\"><\/span><\/p>\n<p><span style=\"color: #000000;\">Howard Becker realiz\u00f3 un estudio de caso sobre la adicci\u00f3n al opio en los Estados Unidos comparando las poblaciones dependientes de la d\u00e9cada de 1920 y las de la actualidad. Siguiendo a los\/as autores\/as del momento, tom\u00f3 como primeros inputs la edad, el g\u00e9nero y la raza para comprender las causas de la adicci\u00f3n al opio y demostr\u00f3 que tal enfoque resultaba un problema emp\u00edrico, ya que no todos los hombres j\u00f3venes negros eran adictos ni tampoco todas las mujeres de mediana edad blancas clase media o alta de la d\u00e9cada del 20 lo eran. El problema de estas correlaciones surge porque \u201c<em>desde el punto de vista estad\u00edstico, la edad, el g\u00e9nero y la raza \u2018causaban\u2019 la adicci\u00f3n en ese segmento de la poblaci\u00f3n -mujeres blancas de mediana edad, clase media y alta-, as\u00ed como actualmente \u2018causan\u2019 adicci\u00f3n entre varones j\u00f3venes negros<\/em>\u201d (Becker; 2016; p. 104), pero no nos dice c\u00f3mo ocurre ese efecto. El autor habla de g\u00e9nero, raza y edad; siguiendo a Vidal hablaremos de edad, clase y geograf\u00eda. Podemos comparar c\u00f3mo las caracter\u00edsticas mencionadas \u201cinducen a la m\u00e1quina a convertirlos o no en adictos\u201d dependiendo, en principio, de la geograf\u00eda para intentar desmenuzar c\u00f3mo se construye la opini\u00f3n de la exgobernadora.<\/span><\/p>\n<p><span style=\"color: #000000;\"><\/span><\/p>\n<p><span style=\"color: #000000;\">\u00bfPor qu\u00e9 primero generaron adicci\u00f3n las mujeres blancas adineradas y luego fueron los varones j\u00f3venes negros? \u201c<em>Uno de los factores dentro de la caja negra es el sistema de distribuci\u00f3n de las drogas<\/em>\u201d (Becker; 2016; p. 106), ya que hasta 1914 en los Estados Unidos, las mujeres pod\u00edan acceder libremente a sus medicamentos -a base de opi\u00e1ceos sumamente adictivos- para tratar s\u00edntomas menop\u00e1usicos en las farmacias. Con la aprobaci\u00f3n de la Ley Harrison, la prohibici\u00f3n de comercializaci\u00f3n de narc\u00f3ticos gener\u00f3 el surgimiento de mercados clandestinos instalados, en su mayor\u00eda, en barrios urbanos habitados por personas en situaci\u00f3n socioecon\u00f3mica de pobreza, donde la actividad delictiva no pod\u00eda ser prevenida ni tampoco la participaci\u00f3n de j\u00f3venes en el mercado il\u00edcito como fuente de ingresos, hecho que acerc\u00f3 las drogas a un p\u00fablico que antes no ten\u00eda acceso directo. <strong>Ni esta ni ninguna de las otras consecuencias del prohibicionismo -estigmatizaci\u00f3n, marginaci\u00f3n, criminalizaci\u00f3n, persecusi\u00f3n, discriminaci\u00f3n, entre otras-, estaban tan presentes en la sociedad como lo fue a partir de su instalaci\u00f3n<\/strong>; con este paradigma, no s\u00f3lo se vieron afectados las personas que consumen, sino tambi\u00e9n, y como vemos en el ejemplo mencionado, comunidades enteras con el establecimiento de negocios clandestinos en sus barrios.<\/span><\/p>\n<p><span style=\"color: #000000;\"><\/span><\/p>\n<p><span style=\"color: #000000;\"><strong>Sumemos a la caja negra de Vidal, el sistema de distribuci\u00f3n y acceso a las drogas<\/strong>. Este s\u00ed se vuelve un factor de riesgo teniendo en cuenta la prohibici\u00f3n vigente en nuestro pa\u00eds de venta, comercializaci\u00f3n y tenencia de estupefacientes -Ley 23.737-, que habilita un mercado clandestino (el cual oferta nuevas drogas a quien quiz\u00e1s s\u00f3lo buscaba marihuana), situaci\u00f3n que puede presentarse tanto en Palermo como en Zabaleta, posiblemente con grandes diferencias de calidad; ante la prohibici\u00f3n \u201c<em>los consumidores s\u00f3lo pueden hacer uso de lo que consiguen en las condiciones dadas<\/em>\u201d (Becker; 2016; p.115). La distribuci\u00f3n de las drogas en los barrios, lejos de estar a cargo de los \u201cnarcos\u201d, es llevada adelante por sus habitantes que ante la falta de oportunidades encuentran en esta \u00e1rea una fuente de empleo y dinero. <strong>Hablar de \u201cnarcos\u201d en este caso, es consecuente a la Ley de Desfederalizaci\u00f3n 26.052, la cual favorece la persecuci\u00f3n del narcomenudeo, o sea, de la venta a peque\u00f1a escala con el fin de llegar desde el eslab\u00f3n m\u00e1s bajo en la cadena de comercializaci\u00f3n al capo narco que est\u00e1 m\u00e1s pr\u00f3ximo a vivir en los barrios donde habita el poder pol\u00edtico que en las villas<\/strong>. Estas leyes acaban por estigmatizar, perseguir, marginalizar y criminalizar a una poblaci\u00f3n particular como es la que vive en las villas o en los barrios m\u00e1s carenciados, condiciones que tambi\u00e9n deber\u00edan tenerse en cuenta a la hora de pensar pol\u00edtica de drogas.<\/span><\/p>\n<p><span style=\"color: #000000;\"><\/span><\/p>\n<p><span style=\"color: #000000;\"><strong>\u00bfQu\u00e9 hace que el efecto de la marihuana cambie seg\u00fan la geograf\u00eda?<\/strong> Los efectos pueden variar seg\u00fan la fisiolog\u00eda, la psicolog\u00eda de las personas, el set y el setting -el contexto social y el estado mental o an\u00edmico en el que se consuma-, por lo que un mal viaje o consumo riesgoso podr\u00eda suceder, geogr\u00e1ficamente, en cualquier parte. El d\u00f3nde nada nos dice respecto a la vulnerabilidad o el riesgo de consumo, en cambio s\u00ed podr\u00e1n decirnos algo los patrones de consumo que se identifican en una persona y los condicionamientos sociales, culturales, econ\u00f3micos y pol\u00edticos que la atraviesan. Es preciso se\u00f1alar la aclaraci\u00f3n de Vidal respecto a aquellos que no van a la escuela o la dejaron, para pensar el rol de la educaci\u00f3n en esta tem\u00e1tica con relaci\u00f3n a los efectos de las drogas. \u201c<em>El acceso de los consumidores al conocimiento -del uso de drogas- ejerce una influencia directa sobre lo que experimentan, pues les permite controlar las influencias fisiol\u00f3gicas<\/em>\u201d (Becker; 2016; p.127). <strong>La educaci\u00f3n sobre el uso de drogas para la reducci\u00f3n de riesgos y da\u00f1os sigue siendo una deuda en nuestro pa\u00eds, la cual se agrega como condicionamiento para las dos realidades que estamos comparando<\/strong>.<\/span><\/p>\n<p><span style=\"color: #000000;\"><\/span><\/p>\n<p><span style=\"color: #000000;\"><strong>Conocer qu\u00e9 genera cada droga nos da la libertad de elegir consumirla o no<\/strong>. En su discurso paternalista, Vidal reproduce una equivalencia condenatoria a las clases populares; por un lado, les quita la posibilidad de elegir libremente como sujetos de derecho racionales y, por el otro, iguala todo tipo de consumo a adicci\u00f3n porque <em>ellos<\/em> no podr\u00edan controlar sus impulsos. Por este motivo, no es casual que mencione a las madres de chicos adictos al paco en la misma l\u00ednea en la que se habla de consumo recreativo en Palermo. Para las personas en situaci\u00f3n socioecon\u00f3mica de pobreza no hay consumo recreativo posible, si lo hacen acabar\u00e1n siendo dependientes pues para lo \u00fanico que utilizan la sustancia es para iniciar su consumo a drogas m\u00e1s duras. Su condici\u00f3n social es para ella un determinante que causa las adicciones; por ellos la legalizaci\u00f3n no es posible.<strong> \u00bfEs la sustancia el problema de estas poblaciones?<\/strong><\/span><\/p>\n<p><span style=\"color: #000000;\"><\/span><\/p>\n<p><span style=\"color: #000000;\"><strong>Ciertamente no lo es<\/strong>. La caja negra recibe todo tipo de inputs: \u201c<em>no s\u00f3lo la caracter\u00edstica espec\u00edfica de los consumidores individuales de drogas, sino tambi\u00e9n las condiciones del entorno<\/em>\u201d (Becker; 2016; p.139), clase, educaci\u00f3n, pol\u00edtica, oportunidades laborales, distribuci\u00f3n asim\u00e9trica del poder punitivo, sistemas de distribuci\u00f3n y acceso a la sustancia. Analizar cada una de las partes del engranaje del uso de drogas nos permite reconocer cu\u00e1les ser\u00edan las pol\u00edticas o acciones que posibiliten la libertad de las personas usuarias y prevenga los consumos problem\u00e1ticos. En este sentido, una regulaci\u00f3n estatal de la marihuana no s\u00f3lo evitar\u00eda el acceso a los mercados clandestinos creados por la prohibici\u00f3n sino que tambi\u00e9n acabar\u00eda con las pol\u00edticas de persecuci\u00f3n y ocupaci\u00f3n policial en los barrios; empezar\u00eda a descriminalizar y desestigmatizar a las personas que consumen; habilitar\u00eda la apertura a la educaci\u00f3n sobre el uso de drogas en pos de la prevenci\u00f3n y la reducci\u00f3n de los riesgos y da\u00f1os; correr\u00eda a la sustancia de lado para hacer foco en las desigualdades y la falta de derechos que debemos atender para prevenir los consumos problem\u00e1ticos: educaci\u00f3n, acceso a una vivienda digna, oportunidades laborales, acceso a la salud, salud mental, entre otros. No se trata de trazar un paralelismo entre dos realidades y determinar una consecuencia negativa o positiva de ellas, <strong>el esquema de inputs\/outputs puede ser \u00fatil para entender y contextualizar todo lo que sucede en las experiencias con drogas y evitar reduccionismos del tipo \u201cpobres + consumo = adicci\u00f3n\u201d, que s\u00f3lo buscan justificar pol\u00edticas punitivas y reaccionarias dirigidas, principalmente, contra las clases populares<\/strong>.<\/span><\/p>\n<p><span style=\"color: #000000;\"><\/span><\/p>\n<p><span style=\"color: #000000;\"><a style=\"color: #000000;\" href=\"#sdfootnote1anc\">1<\/a> Licenciada en Comunicaci\u00f3n Social (UNLP), integrante de RESET \u2013 Pol\u00edtica de Drogas y Derechos Humanos.<\/span><\/p>\n<p><span style=\"color: #000000;\"><\/span><\/p>\n<p><span style=\"color: #000000;\"><a style=\"color: #000000;\" href=\"#sdfootnote2anc\">2<\/a> \u201c<em>Estoy en contra y quiero explicar desde d\u00f3nde se construye mi opini\u00f3n. Yo estoy a favor de la libertad y de que cada uno puede decidir qu\u00e9 hacer. Pero me parece que hay dos realidades muy distintas, una cosa es fumarte un porro en Palermo un s\u00e1bado a la noche con amigos, relajado o con tu pareja o solo. Y otra cosa es vivir en la 21-24, en Zabaleta, en la 1-11-14 rodeado de narcos y que te ofrezcan un porro. Sin oportunidades, sin ir a la escuela o habi\u00e9ndola dejado. Son dos caminos completamente distintos. Y si escuchas a las madres de chicos adictos al paco y a los curas villeros, y yo camino los barrios pobres hace 15 a\u00f1os, no me lo cuenta nadie, todas las semanas de mi vida y vi esas realidades, y me parece que no estamos, por esos pibes, listos para eso. Porque para esos pibes, la marihuana no es un consumo ocasional y de recreo y plenamente elegido, es parte del inicio de un camino mucho m\u00e1s jodido y m\u00e1s duro, donde tienen muchas menos oportunidades de elegir<\/em>\u201d. Declaraciones de Mar\u00eda Eugenia Vidal en entrevista con Filo News, publicada el d\u00eda 30 de septiembre del 2021.<\/span><\/p>\n<p><span style=\"color: #000000;\"><\/span><\/p>\n<p><span style=\"color: #000000;\"><a style=\"color: #000000;\" href=\"#sdfootnote3anc\">3<\/a> Becker, H. (2016). \u201cMozart, el asesinato y los l\u00edmites del sentido com\u00fan: c\u00f3mo construir teor\u00eda a partir de casos\u201d. Buenos Aires. Editorial Siglo XXI. P\u00e1g. 104.<\/span><\/p>\n<p><span style=\"color: #000000;\"><\/span><\/p>\t\t\t\t\t\t\t\t<\/div>\n\t\t\t\t<\/div>\n\t\t\t\t\t<\/div>\n\t\t<\/div>\n\t\t\t\t\t<\/div>\n\t\t<\/section>\n\t\t\t\t<\/div>\n\t\t","protected":false},"excerpt":{"rendered":"<p>\u00bfC\u00f3mo pensar y analizar lo dicho por la exgobernadora Mar\u00eda Eugenia Vidal2 respecto a la legalizaci\u00f3n de la marihuana? \u00bfCu\u00e1ntos mensajes discriminatorios, clasistas, estigmatizantes y anti derechos podemos encontrar en un discurso de un minuto? \u00bfC\u00f3mo, en su l\u00f3gica de correlaciones, consumir marihuana en Palermo es igual a relajarse, y hacerlo en la villa es igual a riesgoso\/problem\u00e1tico? <\/p>\n","protected":false},"author":2,"featured_media":2027,"comment_status":"open","ping_status":"open","sticky":false,"template":"","format":"standard","meta":{"neve_meta_sidebar":"","neve_meta_container":"","neve_meta_enable_content_width":"off","neve_meta_content_width":0,"neve_meta_title_alignment":"","neve_meta_author_avatar":"","neve_post_elements_order":"","neve_meta_disable_header":"","neve_meta_disable_footer":"","neve_meta_disable_title":"","footnotes":""},"categories":[19],"tags":[30,40,69,95,17],"class_list":["post-2026","post","type-post","status-publish","format-standard","has-post-thumbnail","hentry","category-publicacionespropias","tag-cannabis","tag-criminalizacion","tag-guerra-contra-las-drogas","tag-marihuana","tag-politicas-de-drogas"],"yoast_head":"<!-- This site is optimized with the Yoast SEO plugin v26.1.1 - https:\/\/yoast.com\/wordpress\/plugins\/seo\/ -->\n<title>Vidal y la marihuana: los l\u00edmites del sentido com\u00fan - RESET - Pol\u00edtica de Drogas y Derechos Humanos<\/title>\n<meta name=\"robots\" content=\"index, follow, max-snippet:-1, max-image-preview:large, max-video-preview:-1\" \/>\n<link rel=\"canonical\" href=\"https:\/\/resetdrogas.com.ar\/index.php\/2021\/09\/07\/vidal-y-la-marihuana-los-limites-del-sentido-comun\/\" \/>\n<meta property=\"og:locale\" content=\"es_ES\" \/>\n<meta property=\"og:type\" content=\"article\" \/>\n<meta property=\"og:title\" content=\"Vidal y la marihuana: los l\u00edmites del sentido com\u00fan - RESET - Pol\u00edtica de Drogas y Derechos Humanos\" \/>\n<meta property=\"og:description\" content=\"\u00bfC\u00f3mo pensar y analizar lo dicho por la exgobernadora Mar\u00eda Eugenia Vidal2 respecto a la legalizaci\u00f3n de la marihuana? \u00bfCu\u00e1ntos mensajes discriminatorios, clasistas, estigmatizantes y anti derechos podemos encontrar en un discurso de un minuto? \u00bfC\u00f3mo, en su l\u00f3gica de correlaciones, consumir marihuana en Palermo es igual a relajarse, y hacerlo en la villa es igual a riesgoso\/problem\u00e1tico?\" \/>\n<meta property=\"og:url\" content=\"https:\/\/resetdrogas.com.ar\/index.php\/2021\/09\/07\/vidal-y-la-marihuana-los-limites-del-sentido-comun\/\" \/>\n<meta property=\"og:site_name\" content=\"RESET - Pol\u00edtica de Drogas y Derechos Humanos\" \/>\n<meta property=\"article:publisher\" content=\"https:\/\/www.facebook.com\/resetdrogas\/\" \/>\n<meta property=\"article:published_time\" content=\"2021-09-07T17:05:42+00:00\" \/>\n<meta property=\"article:modified_time\" content=\"2021-09-07T17:08:46+00:00\" \/>\n<meta property=\"og:image\" content=\"https:\/\/resetdrogas.com.ar\/wp-content\/uploads\/2021\/09\/policias-villas-1.jpg\" \/>\n\t<meta property=\"og:image:width\" content=\"760\" \/>\n\t<meta property=\"og:image:height\" content=\"506\" \/>\n\t<meta property=\"og:image:type\" content=\"image\/jpeg\" \/>\n<meta name=\"author\" content=\"RESET\" \/>\n<meta name=\"twitter:card\" content=\"summary_large_image\" \/>\n<meta name=\"twitter:creator\" content=\"@resetdrogas\" \/>\n<meta name=\"twitter:site\" content=\"@resetdrogas\" \/>\n<meta name=\"twitter:label1\" content=\"Escrito por\" \/>\n\t<meta name=\"twitter:data1\" content=\"RESET\" \/>\n\t<meta name=\"twitter:label2\" content=\"Tiempo de lectura\" \/>\n\t<meta name=\"twitter:data2\" content=\"10 minutos\" \/>\n<script type=\"application\/ld+json\" class=\"yoast-schema-graph\">{\"@context\":\"https:\/\/schema.org\",\"@graph\":[{\"@type\":\"Article\",\"@id\":\"https:\/\/resetdrogas.com.ar\/index.php\/2021\/09\/07\/vidal-y-la-marihuana-los-limites-del-sentido-comun\/#article\",\"isPartOf\":{\"@id\":\"https:\/\/resetdrogas.com.ar\/index.php\/2021\/09\/07\/vidal-y-la-marihuana-los-limites-del-sentido-comun\/\"},\"author\":{\"name\":\"RESET\",\"@id\":\"https:\/\/resetdrogas.com.ar\/#\/schema\/person\/b8bc366df321b2ad67bfff74fbd08834\"},\"headline\":\"Vidal y la marihuana: los l\u00edmites del sentido com\u00fan\",\"datePublished\":\"2021-09-07T17:05:42+00:00\",\"dateModified\":\"2021-09-07T17:08:46+00:00\",\"mainEntityOfPage\":{\"@id\":\"https:\/\/resetdrogas.com.ar\/index.php\/2021\/09\/07\/vidal-y-la-marihuana-los-limites-del-sentido-comun\/\"},\"wordCount\":1923,\"commentCount\":0,\"publisher\":{\"@id\":\"https:\/\/resetdrogas.com.ar\/#organization\"},\"image\":{\"@id\":\"https:\/\/resetdrogas.com.ar\/index.php\/2021\/09\/07\/vidal-y-la-marihuana-los-limites-del-sentido-comun\/#primaryimage\"},\"thumbnailUrl\":\"https:\/\/resetdrogas.com.ar\/wp-content\/uploads\/2021\/09\/policias-villas-1.jpg\",\"keywords\":[\"Cannabis\",\"Criminalizaci\u00f3n\",\"Guerra contra las drogas\",\"Marihuana\",\"Pol\u00edticas de drogas\"],\"articleSection\":[\"PUBLICACIONES PROPIAS\"],\"inLanguage\":\"es-AR\",\"potentialAction\":[{\"@type\":\"CommentAction\",\"name\":\"Comment\",\"target\":[\"https:\/\/resetdrogas.com.ar\/index.php\/2021\/09\/07\/vidal-y-la-marihuana-los-limites-del-sentido-comun\/#respond\"]}]},{\"@type\":\"WebPage\",\"@id\":\"https:\/\/resetdrogas.com.ar\/index.php\/2021\/09\/07\/vidal-y-la-marihuana-los-limites-del-sentido-comun\/\",\"url\":\"https:\/\/resetdrogas.com.ar\/index.php\/2021\/09\/07\/vidal-y-la-marihuana-los-limites-del-sentido-comun\/\",\"name\":\"Vidal y la marihuana: los l\u00edmites del sentido com\u00fan - RESET - Pol\u00edtica de Drogas y Derechos Humanos\",\"isPartOf\":{\"@id\":\"https:\/\/resetdrogas.com.ar\/#website\"},\"primaryImageOfPage\":{\"@id\":\"https:\/\/resetdrogas.com.ar\/index.php\/2021\/09\/07\/vidal-y-la-marihuana-los-limites-del-sentido-comun\/#primaryimage\"},\"image\":{\"@id\":\"https:\/\/resetdrogas.com.ar\/index.php\/2021\/09\/07\/vidal-y-la-marihuana-los-limites-del-sentido-comun\/#primaryimage\"},\"thumbnailUrl\":\"https:\/\/resetdrogas.com.ar\/wp-content\/uploads\/2021\/09\/policias-villas-1.jpg\",\"datePublished\":\"2021-09-07T17:05:42+00:00\",\"dateModified\":\"2021-09-07T17:08:46+00:00\",\"breadcrumb\":{\"@id\":\"https:\/\/resetdrogas.com.ar\/index.php\/2021\/09\/07\/vidal-y-la-marihuana-los-limites-del-sentido-comun\/#breadcrumb\"},\"inLanguage\":\"es-AR\",\"potentialAction\":[{\"@type\":\"ReadAction\",\"target\":[\"https:\/\/resetdrogas.com.ar\/index.php\/2021\/09\/07\/vidal-y-la-marihuana-los-limites-del-sentido-comun\/\"]}]},{\"@type\":\"ImageObject\",\"inLanguage\":\"es-AR\",\"@id\":\"https:\/\/resetdrogas.com.ar\/index.php\/2021\/09\/07\/vidal-y-la-marihuana-los-limites-del-sentido-comun\/#primaryimage\",\"url\":\"https:\/\/resetdrogas.com.ar\/wp-content\/uploads\/2021\/09\/policias-villas-1.jpg\",\"contentUrl\":\"https:\/\/resetdrogas.com.ar\/wp-content\/uploads\/2021\/09\/policias-villas-1.jpg\",\"width\":760,\"height\":506},{\"@type\":\"BreadcrumbList\",\"@id\":\"https:\/\/resetdrogas.com.ar\/index.php\/2021\/09\/07\/vidal-y-la-marihuana-los-limites-del-sentido-comun\/#breadcrumb\",\"itemListElement\":[{\"@type\":\"ListItem\",\"position\":1,\"name\":\"Inicio\",\"item\":\"https:\/\/resetdrogas.com.ar\/\"},{\"@type\":\"ListItem\",\"position\":2,\"name\":\"Vidal y la marihuana: los l\u00edmites del sentido com\u00fan\"}]},{\"@type\":\"WebSite\",\"@id\":\"https:\/\/resetdrogas.com.ar\/#website\",\"url\":\"https:\/\/resetdrogas.com.ar\/\",\"name\":\"RESET - Pol\u00edtica de Drogas y Derechos Humanos\",\"description\":\"ONG de Argentina dedicada a las pol\u00edticas de drogas respetuosas de los derechos humanos.\",\"publisher\":{\"@id\":\"https:\/\/resetdrogas.com.ar\/#organization\"},\"potentialAction\":[{\"@type\":\"SearchAction\",\"target\":{\"@type\":\"EntryPoint\",\"urlTemplate\":\"https:\/\/resetdrogas.com.ar\/?s={search_term_string}\"},\"query-input\":{\"@type\":\"PropertyValueSpecification\",\"valueRequired\":true,\"valueName\":\"search_term_string\"}}],\"inLanguage\":\"es-AR\"},{\"@type\":\"Organization\",\"@id\":\"https:\/\/resetdrogas.com.ar\/#organization\",\"name\":\"RESET - Pol\u00edtica de Drogas y Derechos Humanos\",\"url\":\"https:\/\/resetdrogas.com.ar\/\",\"logo\":{\"@type\":\"ImageObject\",\"inLanguage\":\"es-AR\",\"@id\":\"https:\/\/resetdrogas.com.ar\/#\/schema\/logo\/image\/\",\"url\":\"https:\/\/resetdrogas.com.ar\/wp-content\/uploads\/2019\/07\/cropped-VERSION-FINAL-EN-ESPA\u00d1OL-1.png\",\"contentUrl\":\"https:\/\/resetdrogas.com.ar\/wp-content\/uploads\/2019\/07\/cropped-VERSION-FINAL-EN-ESPA\u00d1OL-1.png\",\"width\":3000,\"height\":1033,\"caption\":\"RESET - Pol\u00edtica de Drogas y Derechos Humanos\"},\"image\":{\"@id\":\"https:\/\/resetdrogas.com.ar\/#\/schema\/logo\/image\/\"},\"sameAs\":[\"https:\/\/www.facebook.com\/resetdrogas\/\",\"https:\/\/x.com\/resetdrogas\",\"https:\/\/www.instagram.com\/resetdrogas\/\",\"https:\/\/www.youtube.com\/channel\/UC5jrDolttVvxNJtewHOtl_w\"]},{\"@type\":\"Person\",\"@id\":\"https:\/\/resetdrogas.com.ar\/#\/schema\/person\/b8bc366df321b2ad67bfff74fbd08834\",\"name\":\"RESET\",\"image\":{\"@type\":\"ImageObject\",\"inLanguage\":\"es-AR\",\"@id\":\"https:\/\/resetdrogas.com.ar\/#\/schema\/person\/image\/\",\"url\":\"https:\/\/secure.gravatar.com\/avatar\/03dcf70ef6c8662b5d44e180c04f094b51e084c3beb06bba06785fb2e1b84f88?s=96&d=mm&r=g\",\"contentUrl\":\"https:\/\/secure.gravatar.com\/avatar\/03dcf70ef6c8662b5d44e180c04f094b51e084c3beb06bba06785fb2e1b84f88?s=96&d=mm&r=g\",\"caption\":\"RESET\"},\"url\":\"https:\/\/resetdrogas.com.ar\/index.php\/author\/resetdrogas\/\"}]}<\/script>\n<!-- \/ Yoast SEO plugin. -->","yoast_head_json":{"title":"Vidal y la marihuana: los l\u00edmites del sentido com\u00fan - RESET - Pol\u00edtica de Drogas y Derechos Humanos","robots":{"index":"index","follow":"follow","max-snippet":"max-snippet:-1","max-image-preview":"max-image-preview:large","max-video-preview":"max-video-preview:-1"},"canonical":"https:\/\/resetdrogas.com.ar\/index.php\/2021\/09\/07\/vidal-y-la-marihuana-los-limites-del-sentido-comun\/","og_locale":"es_ES","og_type":"article","og_title":"Vidal y la marihuana: los l\u00edmites del sentido com\u00fan - RESET - Pol\u00edtica de Drogas y Derechos Humanos","og_description":"\u00bfC\u00f3mo pensar y analizar lo dicho por la exgobernadora Mar\u00eda Eugenia Vidal2 respecto a la legalizaci\u00f3n de la marihuana? \u00bfCu\u00e1ntos mensajes discriminatorios, clasistas, estigmatizantes y anti derechos podemos encontrar en un discurso de un minuto? \u00bfC\u00f3mo, en su l\u00f3gica de correlaciones, consumir marihuana en Palermo es igual a relajarse, y hacerlo en la villa es igual a riesgoso\/problem\u00e1tico?","og_url":"https:\/\/resetdrogas.com.ar\/index.php\/2021\/09\/07\/vidal-y-la-marihuana-los-limites-del-sentido-comun\/","og_site_name":"RESET - Pol\u00edtica de Drogas y Derechos Humanos","article_publisher":"https:\/\/www.facebook.com\/resetdrogas\/","article_published_time":"2021-09-07T17:05:42+00:00","article_modified_time":"2021-09-07T17:08:46+00:00","og_image":[{"width":760,"height":506,"url":"https:\/\/resetdrogas.com.ar\/wp-content\/uploads\/2021\/09\/policias-villas-1.jpg","type":"image\/jpeg"}],"author":"RESET","twitter_card":"summary_large_image","twitter_creator":"@resetdrogas","twitter_site":"@resetdrogas","twitter_misc":{"Escrito por":"RESET","Tiempo de lectura":"10 minutos"},"schema":{"@context":"https:\/\/schema.org","@graph":[{"@type":"Article","@id":"https:\/\/resetdrogas.com.ar\/index.php\/2021\/09\/07\/vidal-y-la-marihuana-los-limites-del-sentido-comun\/#article","isPartOf":{"@id":"https:\/\/resetdrogas.com.ar\/index.php\/2021\/09\/07\/vidal-y-la-marihuana-los-limites-del-sentido-comun\/"},"author":{"name":"RESET","@id":"https:\/\/resetdrogas.com.ar\/#\/schema\/person\/b8bc366df321b2ad67bfff74fbd08834"},"headline":"Vidal y la marihuana: los l\u00edmites del sentido com\u00fan","datePublished":"2021-09-07T17:05:42+00:00","dateModified":"2021-09-07T17:08:46+00:00","mainEntityOfPage":{"@id":"https:\/\/resetdrogas.com.ar\/index.php\/2021\/09\/07\/vidal-y-la-marihuana-los-limites-del-sentido-comun\/"},"wordCount":1923,"commentCount":0,"publisher":{"@id":"https:\/\/resetdrogas.com.ar\/#organization"},"image":{"@id":"https:\/\/resetdrogas.com.ar\/index.php\/2021\/09\/07\/vidal-y-la-marihuana-los-limites-del-sentido-comun\/#primaryimage"},"thumbnailUrl":"https:\/\/resetdrogas.com.ar\/wp-content\/uploads\/2021\/09\/policias-villas-1.jpg","keywords":["Cannabis","Criminalizaci\u00f3n","Guerra contra las drogas","Marihuana","Pol\u00edticas de drogas"],"articleSection":["PUBLICACIONES PROPIAS"],"inLanguage":"es-AR","potentialAction":[{"@type":"CommentAction","name":"Comment","target":["https:\/\/resetdrogas.com.ar\/index.php\/2021\/09\/07\/vidal-y-la-marihuana-los-limites-del-sentido-comun\/#respond"]}]},{"@type":"WebPage","@id":"https:\/\/resetdrogas.com.ar\/index.php\/2021\/09\/07\/vidal-y-la-marihuana-los-limites-del-sentido-comun\/","url":"https:\/\/resetdrogas.com.ar\/index.php\/2021\/09\/07\/vidal-y-la-marihuana-los-limites-del-sentido-comun\/","name":"Vidal y la marihuana: los l\u00edmites del sentido com\u00fan - RESET - Pol\u00edtica de Drogas y Derechos Humanos","isPartOf":{"@id":"https:\/\/resetdrogas.com.ar\/#website"},"primaryImageOfPage":{"@id":"https:\/\/resetdrogas.com.ar\/index.php\/2021\/09\/07\/vidal-y-la-marihuana-los-limites-del-sentido-comun\/#primaryimage"},"image":{"@id":"https:\/\/resetdrogas.com.ar\/index.php\/2021\/09\/07\/vidal-y-la-marihuana-los-limites-del-sentido-comun\/#primaryimage"},"thumbnailUrl":"https:\/\/resetdrogas.com.ar\/wp-content\/uploads\/2021\/09\/policias-villas-1.jpg","datePublished":"2021-09-07T17:05:42+00:00","dateModified":"2021-09-07T17:08:46+00:00","breadcrumb":{"@id":"https:\/\/resetdrogas.com.ar\/index.php\/2021\/09\/07\/vidal-y-la-marihuana-los-limites-del-sentido-comun\/#breadcrumb"},"inLanguage":"es-AR","potentialAction":[{"@type":"ReadAction","target":["https:\/\/resetdrogas.com.ar\/index.php\/2021\/09\/07\/vidal-y-la-marihuana-los-limites-del-sentido-comun\/"]}]},{"@type":"ImageObject","inLanguage":"es-AR","@id":"https:\/\/resetdrogas.com.ar\/index.php\/2021\/09\/07\/vidal-y-la-marihuana-los-limites-del-sentido-comun\/#primaryimage","url":"https:\/\/resetdrogas.com.ar\/wp-content\/uploads\/2021\/09\/policias-villas-1.jpg","contentUrl":"https:\/\/resetdrogas.com.ar\/wp-content\/uploads\/2021\/09\/policias-villas-1.jpg","width":760,"height":506},{"@type":"BreadcrumbList","@id":"https:\/\/resetdrogas.com.ar\/index.php\/2021\/09\/07\/vidal-y-la-marihuana-los-limites-del-sentido-comun\/#breadcrumb","itemListElement":[{"@type":"ListItem","position":1,"name":"Inicio","item":"https:\/\/resetdrogas.com.ar\/"},{"@type":"ListItem","position":2,"name":"Vidal y la marihuana: los l\u00edmites del sentido com\u00fan"}]},{"@type":"WebSite","@id":"https:\/\/resetdrogas.com.ar\/#website","url":"https:\/\/resetdrogas.com.ar\/","name":"RESET - Pol\u00edtica de Drogas y Derechos Humanos","description":"ONG de Argentina dedicada a las pol\u00edticas de drogas respetuosas de los derechos humanos.","publisher":{"@id":"https:\/\/resetdrogas.com.ar\/#organization"},"potentialAction":[{"@type":"SearchAction","target":{"@type":"EntryPoint","urlTemplate":"https:\/\/resetdrogas.com.ar\/?s={search_term_string}"},"query-input":{"@type":"PropertyValueSpecification","valueRequired":true,"valueName":"search_term_string"}}],"inLanguage":"es-AR"},{"@type":"Organization","@id":"https:\/\/resetdrogas.com.ar\/#organization","name":"RESET - Pol\u00edtica de Drogas y Derechos Humanos","url":"https:\/\/resetdrogas.com.ar\/","logo":{"@type":"ImageObject","inLanguage":"es-AR","@id":"https:\/\/resetdrogas.com.ar\/#\/schema\/logo\/image\/","url":"https:\/\/resetdrogas.com.ar\/wp-content\/uploads\/2019\/07\/cropped-VERSION-FINAL-EN-ESPA\u00d1OL-1.png","contentUrl":"https:\/\/resetdrogas.com.ar\/wp-content\/uploads\/2019\/07\/cropped-VERSION-FINAL-EN-ESPA\u00d1OL-1.png","width":3000,"height":1033,"caption":"RESET - Pol\u00edtica de Drogas y Derechos Humanos"},"image":{"@id":"https:\/\/resetdrogas.com.ar\/#\/schema\/logo\/image\/"},"sameAs":["https:\/\/www.facebook.com\/resetdrogas\/","https:\/\/x.com\/resetdrogas","https:\/\/www.instagram.com\/resetdrogas\/","https:\/\/www.youtube.com\/channel\/UC5jrDolttVvxNJtewHOtl_w"]},{"@type":"Person","@id":"https:\/\/resetdrogas.com.ar\/#\/schema\/person\/b8bc366df321b2ad67bfff74fbd08834","name":"RESET","image":{"@type":"ImageObject","inLanguage":"es-AR","@id":"https:\/\/resetdrogas.com.ar\/#\/schema\/person\/image\/","url":"https:\/\/secure.gravatar.com\/avatar\/03dcf70ef6c8662b5d44e180c04f094b51e084c3beb06bba06785fb2e1b84f88?s=96&d=mm&r=g","contentUrl":"https:\/\/secure.gravatar.com\/avatar\/03dcf70ef6c8662b5d44e180c04f094b51e084c3beb06bba06785fb2e1b84f88?s=96&d=mm&r=g","caption":"RESET"},"url":"https:\/\/resetdrogas.com.ar\/index.php\/author\/resetdrogas\/"}]}},"_links":{"self":[{"href":"https:\/\/resetdrogas.com.ar\/index.php\/wp-json\/wp\/v2\/posts\/2026","targetHints":{"allow":["GET"]}}],"collection":[{"href":"https:\/\/resetdrogas.com.ar\/index.php\/wp-json\/wp\/v2\/posts"}],"about":[{"href":"https:\/\/resetdrogas.com.ar\/index.php\/wp-json\/wp\/v2\/types\/post"}],"author":[{"embeddable":true,"href":"https:\/\/resetdrogas.com.ar\/index.php\/wp-json\/wp\/v2\/users\/2"}],"replies":[{"embeddable":true,"href":"https:\/\/resetdrogas.com.ar\/index.php\/wp-json\/wp\/v2\/comments?post=2026"}],"version-history":[{"count":3,"href":"https:\/\/resetdrogas.com.ar\/index.php\/wp-json\/wp\/v2\/posts\/2026\/revisions"}],"predecessor-version":[{"id":2030,"href":"https:\/\/resetdrogas.com.ar\/index.php\/wp-json\/wp\/v2\/posts\/2026\/revisions\/2030"}],"wp:featuredmedia":[{"embeddable":true,"href":"https:\/\/resetdrogas.com.ar\/index.php\/wp-json\/wp\/v2\/media\/2027"}],"wp:attachment":[{"href":"https:\/\/resetdrogas.com.ar\/index.php\/wp-json\/wp\/v2\/media?parent=2026"}],"wp:term":[{"taxonomy":"category","embeddable":true,"href":"https:\/\/resetdrogas.com.ar\/index.php\/wp-json\/wp\/v2\/categories?post=2026"},{"taxonomy":"post_tag","embeddable":true,"href":"https:\/\/resetdrogas.com.ar\/index.php\/wp-json\/wp\/v2\/tags?post=2026"}],"curies":[{"name":"wp","href":"https:\/\/api.w.org\/{rel}","templated":true}]}}