{"id":1952,"date":"2021-07-29T20:15:10","date_gmt":"2021-07-29T23:15:10","guid":{"rendered":"http:\/\/resetdrogas.com.ar\/?p=1952"},"modified":"2021-07-29T21:25:27","modified_gmt":"2021-07-30T00:25:27","slug":"mito-2-el-consumo-de-cannabis-induce-al-delito","status":"publish","type":"post","link":"https:\/\/resetdrogas.com.ar\/index.php\/2021\/07\/29\/mito-2-el-consumo-de-cannabis-induce-al-delito\/","title":{"rendered":"MITO #2: El consumo de cannabis induce al delito"},"content":{"rendered":"\t\t<div data-elementor-type=\"wp-post\" data-elementor-id=\"1952\" class=\"elementor elementor-1952\">\n\t\t\t\t\t\t<section class=\"elementor-section elementor-top-section elementor-element elementor-element-31586f0f elementor-section-boxed elementor-section-height-default elementor-section-height-default\" data-id=\"31586f0f\" data-element_type=\"section\">\n\t\t\t\t\t\t<div class=\"elementor-container elementor-column-gap-default\">\n\t\t\t\t\t<div class=\"elementor-column elementor-col-100 elementor-top-column elementor-element elementor-element-32ce5404\" data-id=\"32ce5404\" data-element_type=\"column\">\n\t\t\t<div class=\"elementor-widget-wrap elementor-element-populated\">\n\t\t\t\t\t\t<div class=\"elementor-element elementor-element-3757a256 elementor-widget elementor-widget-text-editor\" data-id=\"3757a256\" data-element_type=\"widget\" data-widget_type=\"text-editor.default\">\n\t\t\t\t<div class=\"elementor-widget-container\">\n\t\t\t\t\t\t\t\t\t<p><span style=\"color: #000000;\"><\/span><\/p>\n<p style=\"text-align: justify;\"><span style=\"color: #000000;\">El debate sobre el consumo de cannabis y su regulaci\u00f3n legal, est\u00e1 plagado de afirmaciones basadas en lugares comunes sin ninguna comprobaci\u00f3n emp\u00edrica, que suelen provenir sectores para los cuales la cultura prohibicionista es elevada a un nivel dogm\u00e1tico\/religioso que se opone a cualquier desmitificaci\u00f3n de sus preceptos.<\/span><\/p>\n<p style=\"text-align: justify;\"><span style=\"color: #000000;\">Desde RESET, convencidxs de la necesidad e importancia de encarar la regulaci\u00f3n en base a la evidencia disponible, desde una \u00f3ptica de salud y derechos humanos, nos propusimos rebatir estas zonceras que suelen repetirse cada vez que se menciona la posibilidad regular el cannabis.<\/span><\/p>\n<p style=\"text-align: justify;\"><span style=\"color: #000000;\">Por este motivo, presentamos los \u201c10 MITOS SOBRE LA REGULACI\u00d3N LEGAL DEL CANNABIS\u201d, a trav\u00e9s de la cual publicaremos de forma semanal los mitos m\u00e1s importantes respecto a la tem\u00e1tica. El equipo de de trabajo estuvo integrado por: Mariano Fusero, Virginia Labiano, Antonella Tiravassi, Ana Safranoff, Fernando Salvador, Mart\u00edn Garmendia, Gonzalo Galeano, Tom\u00e1s Camarasa, Alejandro Miguez, Juan Ignacio Lozano, Ileana Arduino y Marcos Torti. La producci\u00f3n y edici\u00f3n de los videos estuvo a cargo de Alejo Araujo y la locuci\u00f3n por parte de Antonella Tiravassi.<\/span><\/p>\n<p><span style=\"color: #000000;\">En esta oportunidad:<\/span><\/p>\n<h1 style=\"text-align: center;\"><span style=\"color: #000000;\"><span style=\"color: #3a3aa1;\"><b>MITO #2:<br \/>El consumo de cannabis induce al delito<\/b><\/span><span style=\"font-weight: 400;\">\u00a0<\/span><\/span><\/h1>\n<p style=\"text-align: justify;\"><span style=\"color: #000000;\">A partir de una encuesta realizada por el CELIV-UNTREF (2013-2019) en ocho pa\u00edses de Latinoam\u00e9rica a mujeres y varones en contextos de encierro, se observa que un 33% del total de personas respondientes dijo haber consumido alcohol o alguna otra sustancia durante las seis horas previas al delito por el cual fue detenida (cifra que en el caso de Argentina desciende al 32% en la \u00faltima encuesta, realizada en el a\u00f1o 2019).<\/span><\/p>\n<p style=\"text-align: justify;\"><span style=\"color: #000000;\">La correlaci\u00f3n entre hechos delictivos violentos (incluidos asesinatos) y consumo de sustancias con propiedades psicoactivas es baja. A su vez, un 53% del total de la poblaci\u00f3n referida confirma haber probado cannabis alguna vez en su vida;\u00a0 esto deja entrever que el consumo social de algunas sustancias tiene escasa correlaci\u00f3n con la motivaci\u00f3n delictual. Los homicidios cometidos en nuestro pa\u00eds no son perpetrados por individuos que est\u00e1n bajo la influencia de alguna sustancia de consumo legal o ilegal.<\/span><\/p>\n<p style=\"text-align: justify;\"><span style=\"color: #000000;\">Ahora bien, en aquellos casos (como el 32% en Argentina) en que confirman haber consumido alguna sustancia que pudo haber influenciado su conducta, \u00e9sta ha sido en la gran mayor\u00eda resultado del consumo de alcohol (sustancia publicitada y disponible en las g\u00f3ndolas de cualquier supermercado).<\/span><\/p>\n<p style=\"text-align: justify;\"><span style=\"color: #000000;\">En el caso de los delitos violentos, como el homicidio, los m\u00f3viles suelen ser distintos al consumo de sustancias, tal como lo expresa el estudio realizado por el Instituto de Investigaciones del Consejo de la Magistratura de la Naci\u00f3n: el 39% de los homicidios se producen en circunstancias de discusi\u00f3n y\/o venganza personal o grupal; el 11% se corresponden a conflictos interfamiliares.<\/span><\/p>\n<p style=\"text-align: justify;\"><span style=\"color: #000000;\">Los casos que \u201cinvolucran drogas\u201d est\u00e1n principalmente relacionados a la prohibici\u00f3n de las mismas y la disputa territorial por su comercio ilegal entre bandas y fuerzas policiales, no a su consumo. En algunos \u201cbarrios de emergencia\u201d tal m\u00f3vil significa \u2013conforme al estudio se\u00f1alado\u2013 el 25 por ciento de los homicidios. Ante ello, tal vez sea hora de reconocer el fracaso de la prohibici\u00f3n y evaluar coherentemente nuevos abordajes regulatorios de sustancias para sacarlas de manos del crimen organizado y de tales disputas violentas.<\/span><\/p>\n<p style=\"text-align: justify;\"><span style=\"color: #000000;\">Por tanto, no existe evidencia estad\u00edstica s\u00f3lida que demuestre que el consumo de sustancias arroje a los individuos a la criminalidad. Menos a\u00fan del cannabis. La publicaci\u00f3n de la Sedronar \u201cConsumo de drogas, pr\u00e1cticas delictivas y vulnerabilidad social\u201d (2017) establece que \u201cla relaci\u00f3n entre drogas y delincuencia no es sencilla ni lineal. Tampoco es generalizable: muchos delincuentes reincidentes no consumen drogas y muchos drogadependientes no cometen delitos\u201d.\u00a0 El consumo es s\u00f3lo un dato m\u00e1s entre un grupo de variables que podr\u00edan explicar el comportamiento delictivo \u2013como los factores fisiol\u00f3gicos, psicol\u00f3gicos y conductuales, familiares, culturales, sociales, econ\u00f3micos y situacionales\u2013.<\/span><\/p>\n<p style=\"text-align: justify;\"><span style=\"color: #000000;\">Se\u00f1alar al consumo de sustancias psicoactivas como la principal causa de hechos delictivos puede resultar tranquilizador para muchos y de enorme conveniencia pol\u00edtica para otros, pero a ciencia cierta configura una imputaci\u00f3n estigmatizante para las personas que consumen sustancias prohibidas \u2013que son expulsadas del sistema de salud p\u00fablica y perseguidas por el sistema penal como potenciales delincuentes\u2013. Esta realidad ha sido reconocida por la Corte Suprema de Justicia de la Naci\u00f3n (CSJN) en su antecedente \u201cArriola\u201d del a\u00f1o 2009. All\u00ed el m\u00e1ximo tribunal, en el contexto de declarar la inconstitucionalidad de la penalizaci\u00f3n de las personas que consumen drogas prohibidas, ha dicho que \u201cquien es se\u00f1alado como &#8216;delincuente&#8217; \u2013e ignorado en su problem\u00e1tica\u2013 no acude al sistema de salud o bien tienden a dilatarse en grado extremo los tiempos de latencia entre el inicio del consumo y la solicitud de atenci\u00f3n\u201d.<\/span><\/p>\n<p style=\"text-align: justify;\"><span style=\"color: #000000;\">Es importante profundizar en este tipo de an\u00e1lisis para poder prestar asistencia donde corresponda. Es posible que exista una eventual asociaci\u00f3n entre el consumo de drogas y la comisi\u00f3n de delitos, pero esta vinculaci\u00f3n no es causal ni directa. Por el contrario, es posible que ambos hechos sean el resultado de otro tipo de factores de desigualdad estructural. Existen m\u00faltiples variables \u2013tanto en el hecho delictivo como en el consumo de sustancias\u2013 que deben ser explorados previamente a cualquier conjetura apresurada.<\/span><\/p>\n<p><span style=\"color: #000000;\"><strong>Fuentes<br \/><\/strong>1. http:\/\/www.observatorio.gob.ar\/media\/k2\/attachments\/EstudioZNacionalZenZpoblacinZprivadaZdeZlibertad.pdf<br \/>2. http:\/\/www.celiv.untref.edu.ar\/contenidos.html<br \/>3. SEDRONAR. Resumen de los resultados del Estudio 2017 de consumo de Sustancias Psicoactivas. 2017. Disponible en http:\/\/www.observatorio.gov.ar\/media\/k2\/attachments\/INFORMACINZPARAZCOMUNICACINZPRENSA.pdf<br \/><\/span><\/p>\n<p><span style=\"color: #000000;\"><\/span><\/p>\t\t\t\t\t\t\t\t<\/div>\n\t\t\t\t<\/div>\n\t\t\t\t\t<\/div>\n\t\t<\/div>\n\t\t\t\t\t<\/div>\n\t\t<\/section>\n\t\t\t\t<section class=\"elementor-section elementor-top-section elementor-element elementor-element-a283d23 elementor-section-boxed elementor-section-height-default elementor-section-height-default\" data-id=\"a283d23\" data-element_type=\"section\">\n\t\t\t\t\t\t<div class=\"elementor-container elementor-column-gap-default\">\n\t\t\t\t\t<div class=\"elementor-column elementor-col-100 elementor-top-column elementor-element elementor-element-c323879\" data-id=\"c323879\" data-element_type=\"column\">\n\t\t\t<div class=\"elementor-widget-wrap elementor-element-populated\">\n\t\t\t\t\t\t<div class=\"elementor-element elementor-element-91506de elementor-widget elementor-widget-video\" data-id=\"91506de\" data-element_type=\"widget\" data-settings=\"{&quot;youtube_url&quot;:&quot;https:\\\/\\\/youtu.be\\\/XCR_x7CkW8k&quot;,&quot;video_type&quot;:&quot;youtube&quot;,&quot;controls&quot;:&quot;yes&quot;}\" data-widget_type=\"video.default\">\n\t\t\t\t<div class=\"elementor-widget-container\">\n\t\t\t\t\t\t\t<div class=\"elementor-wrapper elementor-open-inline\">\n\t\t\t<div class=\"elementor-video\"><\/div>\t\t<\/div>\n\t\t\t\t\t\t<\/div>\n\t\t\t\t<\/div>\n\t\t\t\t\t<\/div>\n\t\t<\/div>\n\t\t\t\t\t<\/div>\n\t\t<\/section>\n\t\t\t\t<section class=\"elementor-section elementor-top-section elementor-element elementor-element-4066894 elementor-section-boxed elementor-section-height-default elementor-section-height-default\" data-id=\"4066894\" data-element_type=\"section\">\n\t\t\t\t\t\t<div class=\"elementor-container elementor-column-gap-default\">\n\t\t\t\t\t<div class=\"elementor-column elementor-col-100 elementor-top-column elementor-element elementor-element-d094fd2\" data-id=\"d094fd2\" data-element_type=\"column\">\n\t\t\t<div class=\"elementor-widget-wrap elementor-element-populated\">\n\t\t\t\t\t\t<div class=\"elementor-element elementor-element-92fe7b9 elementor-widget elementor-widget-text-editor\" data-id=\"92fe7b9\" data-element_type=\"widget\" data-widget_type=\"text-editor.default\">\n\t\t\t\t<div class=\"elementor-widget-container\">\n\t\t\t\t\t\t\t\t\t<p><span style=\"color: #000000;\"><\/span><\/p>\n<h1 style=\"text-align: center;\"><span style=\"color: #333399;\">DERRIBANDO MITOS<\/span><\/h1>\n<p style=\"text-align: justify;\"><span style=\"color: #000000;\">En el marco de la publicaci\u00f3n del Mito #2 &#8220;El consumo de cannabis induce al delito&#8221; presentamos la segunda de las charlas #DerribandoMitos.<\/span><\/p>\n<p style=\"text-align: justify;\"><span style=\"color: #000000;\">En esta opotunidad invitamos a Jorge Paladines,<span style=\"font-weight: 400;\">\u00a0<\/span><span style=\"font-weight: 400;\">Licenciado en Derecho (Summa Cum Laude) de la Universidad de Guayaquil, Master en Derecho Constitucional &#8211; Universidad Andina Sim\u00f3n Bol\u00edvar (UASB), Maestr\u00eda en Ciencia Pol\u00edtica &#8211; Facultad <\/span><span style=\"font-weight: 400;\">Latinoamericana<\/span><span style=\"font-weight: 400;\"> de Ciencias Sociales (FLACSO &#8211; Ecuador).<\/span><\/span><\/p>\n<p style=\"text-align: justify;\"><span style=\"color: #000000;\">Desde RESET se cont\u00f3 con la participaci\u00f3n de Antonella Tiravassi y Fernando Salvador.<\/span><\/p>\n<p><span style=\"color: #000000;\"><\/span><\/p>\t\t\t\t\t\t\t\t<\/div>\n\t\t\t\t<\/div>\n\t\t\t\t\t<\/div>\n\t\t<\/div>\n\t\t\t\t\t<\/div>\n\t\t<\/section>\n\t\t\t\t<section class=\"elementor-section elementor-top-section elementor-element elementor-element-8355a5d elementor-section-boxed elementor-section-height-default elementor-section-height-default\" data-id=\"8355a5d\" data-element_type=\"section\">\n\t\t\t\t\t\t<div class=\"elementor-container elementor-column-gap-default\">\n\t\t\t\t\t<div class=\"elementor-column elementor-col-100 elementor-top-column elementor-element elementor-element-99d6d8d\" data-id=\"99d6d8d\" data-element_type=\"column\">\n\t\t\t<div class=\"elementor-widget-wrap elementor-element-populated\">\n\t\t\t\t\t\t<div class=\"elementor-element elementor-element-bf11294 elementor-widget elementor-widget-video\" data-id=\"bf11294\" data-element_type=\"widget\" data-settings=\"{&quot;youtube_url&quot;:&quot;https:\\\/\\\/youtu.be\\\/txCMjNjb7ZE&quot;,&quot;video_type&quot;:&quot;youtube&quot;,&quot;controls&quot;:&quot;yes&quot;}\" data-widget_type=\"video.default\">\n\t\t\t\t<div class=\"elementor-widget-container\">\n\t\t\t\t\t\t\t<div class=\"elementor-wrapper elementor-open-inline\">\n\t\t\t<div class=\"elementor-video\"><\/div>\t\t<\/div>\n\t\t\t\t\t\t<\/div>\n\t\t\t\t<\/div>\n\t\t\t\t\t<\/div>\n\t\t<\/div>\n\t\t\t\t\t<\/div>\n\t\t<\/section>\n\t\t\t\t<\/div>\n\t\t","protected":false},"excerpt":{"rendered":"<p>Presentamos el Mito #2 del trabajo &#8220;10 Mitos sobre la regulaci\u00f3n legal del cannabis&#8221;: El consumo de cannabis induce al delito.<\/p>\n","protected":false},"author":1,"featured_media":1954,"comment_status":"open","ping_status":"open","sticky":false,"template":"","format":"standard","meta":{"neve_meta_sidebar":"","neve_meta_container":"","neve_meta_enable_content_width":"off","neve_meta_content_width":0,"neve_meta_title_alignment":"","neve_meta_author_avatar":"","neve_post_elements_order":"","neve_meta_disable_header":"","neve_meta_disable_footer":"","neve_meta_disable_title":"","footnotes":""},"categories":[21,19],"tags":[30,31,103,14,144],"class_list":["post-1952","post","type-post","status-publish","format-standard","has-post-thumbnail","hentry","category-publicaciones","category-publicacionespropias","tag-cannabis","tag-cannabis-medicinal","tag-derechos-humanos","tag-drogas","tag-politica-de-drogas"],"yoast_head":"<!-- This site is optimized with the Yoast SEO plugin v26.1.1 - https:\/\/yoast.com\/wordpress\/plugins\/seo\/ -->\n<title>MITO #2: El consumo de cannabis induce al delito - RESET - Pol\u00edtica de Drogas y Derechos Humanos<\/title>\n<meta name=\"robots\" content=\"index, follow, max-snippet:-1, max-image-preview:large, max-video-preview:-1\" \/>\n<link rel=\"canonical\" href=\"https:\/\/resetdrogas.com.ar\/index.php\/2021\/07\/29\/mito-2-el-consumo-de-cannabis-induce-al-delito\/\" \/>\n<meta property=\"og:locale\" content=\"es_ES\" \/>\n<meta property=\"og:type\" content=\"article\" \/>\n<meta property=\"og:title\" content=\"MITO #2: El consumo de cannabis induce al delito - RESET - Pol\u00edtica de Drogas y Derechos Humanos\" \/>\n<meta property=\"og:description\" content=\"Presentamos el Mito #2 del trabajo &quot;10 Mitos sobre la regulaci\u00f3n legal del cannabis&quot;: El consumo de cannabis induce al delito.\" \/>\n<meta property=\"og:url\" content=\"https:\/\/resetdrogas.com.ar\/index.php\/2021\/07\/29\/mito-2-el-consumo-de-cannabis-induce-al-delito\/\" \/>\n<meta property=\"og:site_name\" content=\"RESET - Pol\u00edtica de Drogas y Derechos Humanos\" \/>\n<meta property=\"article:publisher\" content=\"https:\/\/www.facebook.com\/resetdrogas\/\" \/>\n<meta property=\"article:published_time\" content=\"2021-07-29T23:15:10+00:00\" \/>\n<meta property=\"article:modified_time\" content=\"2021-07-30T00:25:27+00:00\" \/>\n<meta property=\"og:image\" content=\"https:\/\/resetdrogas.com.ar\/wp-content\/uploads\/2021\/07\/MITO-2-FINAL.jpg\" \/>\n\t<meta property=\"og:image:width\" content=\"930\" \/>\n\t<meta property=\"og:image:height\" content=\"620\" \/>\n\t<meta property=\"og:image:type\" content=\"image\/jpeg\" \/>\n<meta name=\"author\" content=\"mtortiiermini\" \/>\n<meta name=\"twitter:card\" content=\"summary_large_image\" \/>\n<meta name=\"twitter:creator\" content=\"@resetdrogas\" \/>\n<meta name=\"twitter:site\" content=\"@resetdrogas\" \/>\n<meta name=\"twitter:label1\" content=\"Escrito por\" \/>\n\t<meta name=\"twitter:data1\" content=\"mtortiiermini\" \/>\n\t<meta name=\"twitter:label2\" content=\"Tiempo de lectura\" \/>\n\t<meta name=\"twitter:data2\" content=\"5 minutos\" \/>\n<script type=\"application\/ld+json\" class=\"yoast-schema-graph\">{\"@context\":\"https:\/\/schema.org\",\"@graph\":[{\"@type\":\"Article\",\"@id\":\"https:\/\/resetdrogas.com.ar\/index.php\/2021\/07\/29\/mito-2-el-consumo-de-cannabis-induce-al-delito\/#article\",\"isPartOf\":{\"@id\":\"https:\/\/resetdrogas.com.ar\/index.php\/2021\/07\/29\/mito-2-el-consumo-de-cannabis-induce-al-delito\/\"},\"author\":{\"name\":\"mtortiiermini\",\"@id\":\"https:\/\/resetdrogas.com.ar\/#\/schema\/person\/af1785bef0af326bf6470c40981f684e\"},\"headline\":\"MITO #2: El consumo de cannabis induce al delito\",\"datePublished\":\"2021-07-29T23:15:10+00:00\",\"dateModified\":\"2021-07-30T00:25:27+00:00\",\"mainEntityOfPage\":{\"@id\":\"https:\/\/resetdrogas.com.ar\/index.php\/2021\/07\/29\/mito-2-el-consumo-de-cannabis-induce-al-delito\/\"},\"wordCount\":1048,\"commentCount\":2,\"publisher\":{\"@id\":\"https:\/\/resetdrogas.com.ar\/#organization\"},\"image\":{\"@id\":\"https:\/\/resetdrogas.com.ar\/index.php\/2021\/07\/29\/mito-2-el-consumo-de-cannabis-induce-al-delito\/#primaryimage\"},\"thumbnailUrl\":\"https:\/\/resetdrogas.com.ar\/wp-content\/uploads\/2021\/07\/MITO-2-FINAL.jpg\",\"keywords\":[\"Cannabis\",\"Cannabis medicinal\",\"Derechos Humanos\",\"Drogas\",\"Pol\u00edtica de Drogas\"],\"articleSection\":[\"PUBLICACIONES\",\"PUBLICACIONES PROPIAS\"],\"inLanguage\":\"es-AR\",\"potentialAction\":[{\"@type\":\"CommentAction\",\"name\":\"Comment\",\"target\":[\"https:\/\/resetdrogas.com.ar\/index.php\/2021\/07\/29\/mito-2-el-consumo-de-cannabis-induce-al-delito\/#respond\"]}]},{\"@type\":\"WebPage\",\"@id\":\"https:\/\/resetdrogas.com.ar\/index.php\/2021\/07\/29\/mito-2-el-consumo-de-cannabis-induce-al-delito\/\",\"url\":\"https:\/\/resetdrogas.com.ar\/index.php\/2021\/07\/29\/mito-2-el-consumo-de-cannabis-induce-al-delito\/\",\"name\":\"MITO #2: El consumo de cannabis induce al delito - RESET - Pol\u00edtica de Drogas y Derechos Humanos\",\"isPartOf\":{\"@id\":\"https:\/\/resetdrogas.com.ar\/#website\"},\"primaryImageOfPage\":{\"@id\":\"https:\/\/resetdrogas.com.ar\/index.php\/2021\/07\/29\/mito-2-el-consumo-de-cannabis-induce-al-delito\/#primaryimage\"},\"image\":{\"@id\":\"https:\/\/resetdrogas.com.ar\/index.php\/2021\/07\/29\/mito-2-el-consumo-de-cannabis-induce-al-delito\/#primaryimage\"},\"thumbnailUrl\":\"https:\/\/resetdrogas.com.ar\/wp-content\/uploads\/2021\/07\/MITO-2-FINAL.jpg\",\"datePublished\":\"2021-07-29T23:15:10+00:00\",\"dateModified\":\"2021-07-30T00:25:27+00:00\",\"breadcrumb\":{\"@id\":\"https:\/\/resetdrogas.com.ar\/index.php\/2021\/07\/29\/mito-2-el-consumo-de-cannabis-induce-al-delito\/#breadcrumb\"},\"inLanguage\":\"es-AR\",\"potentialAction\":[{\"@type\":\"ReadAction\",\"target\":[\"https:\/\/resetdrogas.com.ar\/index.php\/2021\/07\/29\/mito-2-el-consumo-de-cannabis-induce-al-delito\/\"]}]},{\"@type\":\"ImageObject\",\"inLanguage\":\"es-AR\",\"@id\":\"https:\/\/resetdrogas.com.ar\/index.php\/2021\/07\/29\/mito-2-el-consumo-de-cannabis-induce-al-delito\/#primaryimage\",\"url\":\"https:\/\/resetdrogas.com.ar\/wp-content\/uploads\/2021\/07\/MITO-2-FINAL.jpg\",\"contentUrl\":\"https:\/\/resetdrogas.com.ar\/wp-content\/uploads\/2021\/07\/MITO-2-FINAL.jpg\",\"width\":930,\"height\":620},{\"@type\":\"BreadcrumbList\",\"@id\":\"https:\/\/resetdrogas.com.ar\/index.php\/2021\/07\/29\/mito-2-el-consumo-de-cannabis-induce-al-delito\/#breadcrumb\",\"itemListElement\":[{\"@type\":\"ListItem\",\"position\":1,\"name\":\"Inicio\",\"item\":\"https:\/\/resetdrogas.com.ar\/\"},{\"@type\":\"ListItem\",\"position\":2,\"name\":\"MITO #2: El consumo de cannabis induce al delito\"}]},{\"@type\":\"WebSite\",\"@id\":\"https:\/\/resetdrogas.com.ar\/#website\",\"url\":\"https:\/\/resetdrogas.com.ar\/\",\"name\":\"RESET - Pol\u00edtica de Drogas y Derechos Humanos\",\"description\":\"ONG de Argentina dedicada a las pol\u00edticas de drogas respetuosas de los derechos humanos.\",\"publisher\":{\"@id\":\"https:\/\/resetdrogas.com.ar\/#organization\"},\"potentialAction\":[{\"@type\":\"SearchAction\",\"target\":{\"@type\":\"EntryPoint\",\"urlTemplate\":\"https:\/\/resetdrogas.com.ar\/?s={search_term_string}\"},\"query-input\":{\"@type\":\"PropertyValueSpecification\",\"valueRequired\":true,\"valueName\":\"search_term_string\"}}],\"inLanguage\":\"es-AR\"},{\"@type\":\"Organization\",\"@id\":\"https:\/\/resetdrogas.com.ar\/#organization\",\"name\":\"RESET - Pol\u00edtica de Drogas y Derechos Humanos\",\"url\":\"https:\/\/resetdrogas.com.ar\/\",\"logo\":{\"@type\":\"ImageObject\",\"inLanguage\":\"es-AR\",\"@id\":\"https:\/\/resetdrogas.com.ar\/#\/schema\/logo\/image\/\",\"url\":\"https:\/\/resetdrogas.com.ar\/wp-content\/uploads\/2019\/07\/cropped-VERSION-FINAL-EN-ESPA\u00d1OL-1.png\",\"contentUrl\":\"https:\/\/resetdrogas.com.ar\/wp-content\/uploads\/2019\/07\/cropped-VERSION-FINAL-EN-ESPA\u00d1OL-1.png\",\"width\":3000,\"height\":1033,\"caption\":\"RESET - Pol\u00edtica de Drogas y Derechos Humanos\"},\"image\":{\"@id\":\"https:\/\/resetdrogas.com.ar\/#\/schema\/logo\/image\/\"},\"sameAs\":[\"https:\/\/www.facebook.com\/resetdrogas\/\",\"https:\/\/x.com\/resetdrogas\",\"https:\/\/www.instagram.com\/resetdrogas\/\",\"https:\/\/www.youtube.com\/channel\/UC5jrDolttVvxNJtewHOtl_w\"]},{\"@type\":\"Person\",\"@id\":\"https:\/\/resetdrogas.com.ar\/#\/schema\/person\/af1785bef0af326bf6470c40981f684e\",\"name\":\"mtortiiermini\",\"image\":{\"@type\":\"ImageObject\",\"inLanguage\":\"es-AR\",\"@id\":\"https:\/\/resetdrogas.com.ar\/#\/schema\/person\/image\/\",\"url\":\"https:\/\/secure.gravatar.com\/avatar\/fd7caec3fcbaea3fa7e228936f7df10d9f47fa021e3ff76455f3a73b5c74836a?s=96&d=mm&r=g\",\"contentUrl\":\"https:\/\/secure.gravatar.com\/avatar\/fd7caec3fcbaea3fa7e228936f7df10d9f47fa021e3ff76455f3a73b5c74836a?s=96&d=mm&r=g\",\"caption\":\"mtortiiermini\"},\"url\":\"https:\/\/resetdrogas.com.ar\/index.php\/author\/mtortiiermini\/\"}]}<\/script>\n<!-- \/ Yoast SEO plugin. -->","yoast_head_json":{"title":"MITO #2: El consumo de cannabis induce al delito - RESET - Pol\u00edtica de Drogas y Derechos Humanos","robots":{"index":"index","follow":"follow","max-snippet":"max-snippet:-1","max-image-preview":"max-image-preview:large","max-video-preview":"max-video-preview:-1"},"canonical":"https:\/\/resetdrogas.com.ar\/index.php\/2021\/07\/29\/mito-2-el-consumo-de-cannabis-induce-al-delito\/","og_locale":"es_ES","og_type":"article","og_title":"MITO #2: El consumo de cannabis induce al delito - RESET - Pol\u00edtica de Drogas y Derechos Humanos","og_description":"Presentamos el Mito #2 del trabajo \"10 Mitos sobre la regulaci\u00f3n legal del cannabis\": El consumo de cannabis induce al delito.","og_url":"https:\/\/resetdrogas.com.ar\/index.php\/2021\/07\/29\/mito-2-el-consumo-de-cannabis-induce-al-delito\/","og_site_name":"RESET - Pol\u00edtica de Drogas y Derechos Humanos","article_publisher":"https:\/\/www.facebook.com\/resetdrogas\/","article_published_time":"2021-07-29T23:15:10+00:00","article_modified_time":"2021-07-30T00:25:27+00:00","og_image":[{"width":930,"height":620,"url":"https:\/\/resetdrogas.com.ar\/wp-content\/uploads\/2021\/07\/MITO-2-FINAL.jpg","type":"image\/jpeg"}],"author":"mtortiiermini","twitter_card":"summary_large_image","twitter_creator":"@resetdrogas","twitter_site":"@resetdrogas","twitter_misc":{"Escrito por":"mtortiiermini","Tiempo de lectura":"5 minutos"},"schema":{"@context":"https:\/\/schema.org","@graph":[{"@type":"Article","@id":"https:\/\/resetdrogas.com.ar\/index.php\/2021\/07\/29\/mito-2-el-consumo-de-cannabis-induce-al-delito\/#article","isPartOf":{"@id":"https:\/\/resetdrogas.com.ar\/index.php\/2021\/07\/29\/mito-2-el-consumo-de-cannabis-induce-al-delito\/"},"author":{"name":"mtortiiermini","@id":"https:\/\/resetdrogas.com.ar\/#\/schema\/person\/af1785bef0af326bf6470c40981f684e"},"headline":"MITO #2: El consumo de cannabis induce al delito","datePublished":"2021-07-29T23:15:10+00:00","dateModified":"2021-07-30T00:25:27+00:00","mainEntityOfPage":{"@id":"https:\/\/resetdrogas.com.ar\/index.php\/2021\/07\/29\/mito-2-el-consumo-de-cannabis-induce-al-delito\/"},"wordCount":1048,"commentCount":2,"publisher":{"@id":"https:\/\/resetdrogas.com.ar\/#organization"},"image":{"@id":"https:\/\/resetdrogas.com.ar\/index.php\/2021\/07\/29\/mito-2-el-consumo-de-cannabis-induce-al-delito\/#primaryimage"},"thumbnailUrl":"https:\/\/resetdrogas.com.ar\/wp-content\/uploads\/2021\/07\/MITO-2-FINAL.jpg","keywords":["Cannabis","Cannabis medicinal","Derechos Humanos","Drogas","Pol\u00edtica de Drogas"],"articleSection":["PUBLICACIONES","PUBLICACIONES PROPIAS"],"inLanguage":"es-AR","potentialAction":[{"@type":"CommentAction","name":"Comment","target":["https:\/\/resetdrogas.com.ar\/index.php\/2021\/07\/29\/mito-2-el-consumo-de-cannabis-induce-al-delito\/#respond"]}]},{"@type":"WebPage","@id":"https:\/\/resetdrogas.com.ar\/index.php\/2021\/07\/29\/mito-2-el-consumo-de-cannabis-induce-al-delito\/","url":"https:\/\/resetdrogas.com.ar\/index.php\/2021\/07\/29\/mito-2-el-consumo-de-cannabis-induce-al-delito\/","name":"MITO #2: El consumo de cannabis induce al delito - RESET - Pol\u00edtica de Drogas y Derechos Humanos","isPartOf":{"@id":"https:\/\/resetdrogas.com.ar\/#website"},"primaryImageOfPage":{"@id":"https:\/\/resetdrogas.com.ar\/index.php\/2021\/07\/29\/mito-2-el-consumo-de-cannabis-induce-al-delito\/#primaryimage"},"image":{"@id":"https:\/\/resetdrogas.com.ar\/index.php\/2021\/07\/29\/mito-2-el-consumo-de-cannabis-induce-al-delito\/#primaryimage"},"thumbnailUrl":"https:\/\/resetdrogas.com.ar\/wp-content\/uploads\/2021\/07\/MITO-2-FINAL.jpg","datePublished":"2021-07-29T23:15:10+00:00","dateModified":"2021-07-30T00:25:27+00:00","breadcrumb":{"@id":"https:\/\/resetdrogas.com.ar\/index.php\/2021\/07\/29\/mito-2-el-consumo-de-cannabis-induce-al-delito\/#breadcrumb"},"inLanguage":"es-AR","potentialAction":[{"@type":"ReadAction","target":["https:\/\/resetdrogas.com.ar\/index.php\/2021\/07\/29\/mito-2-el-consumo-de-cannabis-induce-al-delito\/"]}]},{"@type":"ImageObject","inLanguage":"es-AR","@id":"https:\/\/resetdrogas.com.ar\/index.php\/2021\/07\/29\/mito-2-el-consumo-de-cannabis-induce-al-delito\/#primaryimage","url":"https:\/\/resetdrogas.com.ar\/wp-content\/uploads\/2021\/07\/MITO-2-FINAL.jpg","contentUrl":"https:\/\/resetdrogas.com.ar\/wp-content\/uploads\/2021\/07\/MITO-2-FINAL.jpg","width":930,"height":620},{"@type":"BreadcrumbList","@id":"https:\/\/resetdrogas.com.ar\/index.php\/2021\/07\/29\/mito-2-el-consumo-de-cannabis-induce-al-delito\/#breadcrumb","itemListElement":[{"@type":"ListItem","position":1,"name":"Inicio","item":"https:\/\/resetdrogas.com.ar\/"},{"@type":"ListItem","position":2,"name":"MITO #2: El consumo de cannabis induce al delito"}]},{"@type":"WebSite","@id":"https:\/\/resetdrogas.com.ar\/#website","url":"https:\/\/resetdrogas.com.ar\/","name":"RESET - Pol\u00edtica de Drogas y Derechos Humanos","description":"ONG de Argentina dedicada a las pol\u00edticas de drogas respetuosas de los derechos humanos.","publisher":{"@id":"https:\/\/resetdrogas.com.ar\/#organization"},"potentialAction":[{"@type":"SearchAction","target":{"@type":"EntryPoint","urlTemplate":"https:\/\/resetdrogas.com.ar\/?s={search_term_string}"},"query-input":{"@type":"PropertyValueSpecification","valueRequired":true,"valueName":"search_term_string"}}],"inLanguage":"es-AR"},{"@type":"Organization","@id":"https:\/\/resetdrogas.com.ar\/#organization","name":"RESET - Pol\u00edtica de Drogas y Derechos Humanos","url":"https:\/\/resetdrogas.com.ar\/","logo":{"@type":"ImageObject","inLanguage":"es-AR","@id":"https:\/\/resetdrogas.com.ar\/#\/schema\/logo\/image\/","url":"https:\/\/resetdrogas.com.ar\/wp-content\/uploads\/2019\/07\/cropped-VERSION-FINAL-EN-ESPA\u00d1OL-1.png","contentUrl":"https:\/\/resetdrogas.com.ar\/wp-content\/uploads\/2019\/07\/cropped-VERSION-FINAL-EN-ESPA\u00d1OL-1.png","width":3000,"height":1033,"caption":"RESET - Pol\u00edtica de Drogas y Derechos Humanos"},"image":{"@id":"https:\/\/resetdrogas.com.ar\/#\/schema\/logo\/image\/"},"sameAs":["https:\/\/www.facebook.com\/resetdrogas\/","https:\/\/x.com\/resetdrogas","https:\/\/www.instagram.com\/resetdrogas\/","https:\/\/www.youtube.com\/channel\/UC5jrDolttVvxNJtewHOtl_w"]},{"@type":"Person","@id":"https:\/\/resetdrogas.com.ar\/#\/schema\/person\/af1785bef0af326bf6470c40981f684e","name":"mtortiiermini","image":{"@type":"ImageObject","inLanguage":"es-AR","@id":"https:\/\/resetdrogas.com.ar\/#\/schema\/person\/image\/","url":"https:\/\/secure.gravatar.com\/avatar\/fd7caec3fcbaea3fa7e228936f7df10d9f47fa021e3ff76455f3a73b5c74836a?s=96&d=mm&r=g","contentUrl":"https:\/\/secure.gravatar.com\/avatar\/fd7caec3fcbaea3fa7e228936f7df10d9f47fa021e3ff76455f3a73b5c74836a?s=96&d=mm&r=g","caption":"mtortiiermini"},"url":"https:\/\/resetdrogas.com.ar\/index.php\/author\/mtortiiermini\/"}]}},"_links":{"self":[{"href":"https:\/\/resetdrogas.com.ar\/index.php\/wp-json\/wp\/v2\/posts\/1952","targetHints":{"allow":["GET"]}}],"collection":[{"href":"https:\/\/resetdrogas.com.ar\/index.php\/wp-json\/wp\/v2\/posts"}],"about":[{"href":"https:\/\/resetdrogas.com.ar\/index.php\/wp-json\/wp\/v2\/types\/post"}],"author":[{"embeddable":true,"href":"https:\/\/resetdrogas.com.ar\/index.php\/wp-json\/wp\/v2\/users\/1"}],"replies":[{"embeddable":true,"href":"https:\/\/resetdrogas.com.ar\/index.php\/wp-json\/wp\/v2\/comments?post=1952"}],"version-history":[{"count":7,"href":"https:\/\/resetdrogas.com.ar\/index.php\/wp-json\/wp\/v2\/posts\/1952\/revisions"}],"predecessor-version":[{"id":1963,"href":"https:\/\/resetdrogas.com.ar\/index.php\/wp-json\/wp\/v2\/posts\/1952\/revisions\/1963"}],"wp:featuredmedia":[{"embeddable":true,"href":"https:\/\/resetdrogas.com.ar\/index.php\/wp-json\/wp\/v2\/media\/1954"}],"wp:attachment":[{"href":"https:\/\/resetdrogas.com.ar\/index.php\/wp-json\/wp\/v2\/media?parent=1952"}],"wp:term":[{"taxonomy":"category","embeddable":true,"href":"https:\/\/resetdrogas.com.ar\/index.php\/wp-json\/wp\/v2\/categories?post=1952"},{"taxonomy":"post_tag","embeddable":true,"href":"https:\/\/resetdrogas.com.ar\/index.php\/wp-json\/wp\/v2\/tags?post=1952"}],"curies":[{"name":"wp","href":"https:\/\/api.w.org\/{rel}","templated":true}]}}