{"id":1551,"date":"2020-10-14T11:19:40","date_gmt":"2020-10-14T14:19:40","guid":{"rendered":"http:\/\/resetdrogas.com.ar\/?p=1551"},"modified":"2020-10-14T11:36:42","modified_gmt":"2020-10-14T14:36:42","slug":"carta-abierta-a-sergio-berni","status":"publish","type":"post","link":"https:\/\/resetdrogas.com.ar\/index.php\/2020\/10\/14\/carta-abierta-a-sergio-berni\/","title":{"rendered":"Carta abierta a Sergio Berni"},"content":{"rendered":"\t\t<div data-elementor-type=\"wp-post\" data-elementor-id=\"1551\" class=\"elementor elementor-1551\">\n\t\t\t\t\t\t<section class=\"elementor-section elementor-top-section elementor-element elementor-element-b65c9bf elementor-section-boxed elementor-section-height-default elementor-section-height-default\" data-id=\"b65c9bf\" data-element_type=\"section\">\n\t\t\t\t\t\t<div class=\"elementor-container elementor-column-gap-default\">\n\t\t\t\t\t<div class=\"elementor-column elementor-col-100 elementor-top-column elementor-element elementor-element-4ea7d11c\" data-id=\"4ea7d11c\" data-element_type=\"column\">\n\t\t\t<div class=\"elementor-widget-wrap elementor-element-populated\">\n\t\t\t\t\t\t<div class=\"elementor-element elementor-element-45b595c1 elementor-widget elementor-widget-text-editor\" data-id=\"45b595c1\" data-element_type=\"widget\" data-widget_type=\"text-editor.default\">\n\t\t\t\t<div class=\"elementor-widget-container\">\n\t\t\t\t\t\t\t\t\t<p><\/p>\n<p><span style=\"color: #000000;\"><img fetchpriority=\"high\" decoding=\"async\" src=\"https:\/\/resetdrogas.com.ar\/wp-content\/uploads\/2020\/10\/WhatsApp-Image-2020-10-14-at-11.04.41-1024x637.jpeg\" alt=\"\" width=\"1024\" height=\"637\" data-wp-editing=\"1\"><\/span><\/p>\n<p style=\"text-align: right;\">\n<\/p><p>Como respuesta al spot estigmatizante contra la poblaci\u00f3n migrante y las personas trans, 55 organizaciones sociales publican la siguiente carta abierta al Ministro de Seguridad Sergio Berni pidiendo una disculpa p\u00fablica.&nbsp;<\/p>\n<p>Estos discursos no solo son ofensivos y antidemocr\u00e1ticos, sino que habilitan otros tipos de violencia hacia poblaciones hist\u00f3ricamente vulneradas.<\/p>\n<p><\/p>\n<p style=\"text-align: right;\">14 de octubre de 2020.-<\/p>\n<p><\/p>\n<p><strong>Gobierno de la provincia de Buenos Aires<br><\/strong><strong>Ministro de Seguridad<br><\/strong><strong>Sergio Berni<\/strong><\/p>\n<p><\/p>\n<p>Sr. Ministro:<\/p>\n<p>Le escribimos luego de ver el <a href=\"https:\/\/twitter.com\/SergioBerniArg\/status\/1312388351161401345\">video <\/a>que subi\u00f3 en su cuenta de Twitter el 3 de octubre. Las palabras y los mensajes que con ellas se construyen producen realidades y las suyas resultan ofensivas para migrantes, personas trans y para quienes con elles luchamos por la igualdad de las personas y la no discriminaci\u00f3n como pacto estructural de la democracia. En \u00e9l se refer\u00eda a un grupo de personas sujetas a investigaci\u00f3n como \u201cbanda trans\u201d y \u201cbanda peruana\u201d y proyectaba as\u00ed la comisi\u00f3n de delitos a identidades de g\u00e9nero y migrantes. Esa espectacularizaci\u00f3n de la seguridad con im\u00e1genes que estigmatizan esos colectivos reforz\u00f3 que se siga naturalizando la discriminaci\u00f3n que, como dec\u00eda la referenta travesti Lohana Berkins, cuando deja de ser una palabra, tambi\u00e9n mata.<\/p>\n<p>Como sabe, a ocho a\u00f1os de la sanci\u00f3n de la Ley de Identidad de G\u00e9nero, la poblaci\u00f3n travesti y trans sufre de discriminaci\u00f3n estructural. Eso hace que la suma de maltratos se traduzca en una corta expectativa de vida, contra la que luchamos. La estigmatizaci\u00f3n hacia las identidades de g\u00e9nero trans es la primera, la m\u00e1s normalizante y la m\u00e1s instituyente de las violencias hacia ese colectivo.<\/p>\n<p>Queremos contarle que durante la pandemia se acumularon los casos de hostigamiento de las polic\u00edas hacia la poblaci\u00f3n travesti y trans. Su identidad autopercibida no suele respetarse durante los operativos y muchos de ellos solo est\u00e1n impulsados para criminalizar su identidad y criminalizar la pobreza.<\/p>\n<p>En la misma l\u00ednea se inscribe la estigmatizaci\u00f3n a las personas extranjeras pobres y racializadas. Sabemos que el impacto de las personas migrantes en la comisi\u00f3n de delitos es muy baja, sin embargo usted construye la idea de peligrosidad y de \u201cmalvivientes\u201d. Eso repercute y se transforma en otras violencias hacia les migrantes.<\/p>\n<p>Entendemos que es su deber recibir contenidos y formarse de acuerdo a las obligaciones emanadas de la Ley Micaela. Lo instamos a hacerlo y a pedir disculpas a las comunidades afectadas por su mensaje.<\/p>\n<p><strong>Firmas:<\/strong><\/p>\n<p>AMMAR- Sindicato de trabajadorxs Sexuales en la Argentina AMMAR La Plata<\/p>\n<p>AMUMRA &#8211; Asociaci\u00f3n de Mujeres Unidas, Migrantes y Refugiadas en Argentina<\/p>\n<p>APDH &#8211; Asamblea Permanente por los Derechos Humanos APDH La Plata<\/p>\n<p>Asamblea por la salud integral trans<\/p>\n<p>Asociaci\u00f3n Ciudadana por los Derechos Humanos<\/p>\n<p>Asociaci\u00f3n Civil de Migrantes \u201cLos Emprendedores\u201d&nbsp;<\/p>\n<p>Asociaci\u00f3n de Residentes Senegaleses en Argentina&nbsp;<\/p>\n<p>Asociaci\u00f3n Ecum\u00e9nica de Cuyo<\/p>\n<p>Asociaci\u00f3n Jos\u00e9 Carlos Mari\u00e1tegui&nbsp;<\/p>\n<p>Belleza y Felicidad Fiorito<\/p>\n<p>CAREF (Comisi\u00f3n Argentina para Refugiades y Migrantes)&nbsp;<\/p>\n<p>Casa Cultural INGA<\/p>\n<p>Casa de G\u00e9nero y Diversidadedes Micaela Bastidas del Barrio Nicole<\/p>\n<p>Casa de Hermandad Latinoamericana<\/p>\n<p>C\u00e1tedra de Criminolog\u00eda, Facultad de Derecho, Universidad Nacional de Rosario&nbsp;<\/p>\n<p>CDESCO (Centro Latinoamericano para el Desarrollo y la Comunicaci\u00f3n Participativa)&nbsp;<\/p>\n<p>Centro de Estudios en Pol\u00edtica Criminal y DDHH (CEPOC)<\/p>\n<p>Centro de Estudios Legales y Sociales (CELS)&nbsp;<\/p>\n<p>Coordinadora de la Colectividad Boliviana (Co.Co.Bo)&nbsp;<\/p>\n<p>Colectivo Radio La Cantora<\/p>\n<p>Colectivo YoNoFui&nbsp;<\/p>\n<p>Columna Antirracista&nbsp;<\/p>\n<p>Comit\u00e9 Contra la Tortura<\/p>\n<p>Comit\u00e9 de Prevenci\u00f3n de la Tortura&nbsp;<\/p>\n<p>Cromoactivismo<\/p>\n<p>Disidencias en Lucha-Zona Norte&nbsp;<\/p>\n<p>Encuentros de Feminismo Popular<\/p>\n<p>Equipo de Antropolog\u00eda Pol\u00edtica y Jur\u00eddica &#8211; UBA<\/p>\n<p>Escuela de Feminismo Popular Nora Corti\u00f1as<\/p>\n<p>Especializaci\u00f3n en G\u00e9nero, Pol\u00edticas P\u00fablicas y Sociedad, UNLa&nbsp;<\/p>\n<p>Feministas Villa Elisa<\/p>\n<p>Frente Popular Dar\u00edo Santill\u00e1n<\/p>\n<p>Frente Popular Dar\u00edo Santill\u00e1n Corriente Plurinacional&nbsp;<\/p>\n<p>Furia Travesti<\/p>\n<p>Grupo Matamba LBTIQ<\/p>\n<p>Instituto Latinoamericano de Seguridad y Democracia (ILSED)&nbsp;<\/p>\n<p>Instituto de Justicia y Derechos Humanos<\/p>\n<p>La Sim\u00f3n Bol\u00edvar<\/p>\n<p>LADH San Rafael, Mendoza- Miembro del Comit\u00e9 Provincial de Prevenci\u00f3n de la Tortura&nbsp;<\/p>\n<p>Liga Argentina por los Derechos Humanos de Mendoza<\/p>\n<p>Bachillerato Popular Travesti Trans Mocha Celis<\/p>\n<p>Ni Una Menos<\/p>\n<p>N\u00facleo de Estudios Migratorios, Instituto de Altos Estudios Sociales, UNSaM&nbsp;<\/p>\n<p>Observatorio Derecho a la Ciudad<\/p>\n<p>Organizaci\u00f3n Mujeres para el Desarrollo- Alejandro Korn&nbsp;<\/p>\n<p>Organizaciones Libres del Pueblo<\/p>\n<p>Programa Migraci\u00f3n y Asilo, Instituto de Justicia y Derechos Humanos, UNLa&nbsp;<\/p>\n<p>Red de Autocuidado Feminista<\/p>\n<p>Red de Defensor\u00edas Territoriales en Derechos Humanos (DTDH)&nbsp;<\/p>\n<p>Red de Migrantes y Refugiadxs Argentina<\/p>\n<p>RESET &#8211; Pol\u00edtica de Drogas y Derechos Humanos<\/p>\n<p>Seminario H\u00e1bitat Facultad de Ciencias Sociales, UNC<\/p>\n<p>Serigrafistas Queer<\/p>\n<p><\/p>\n<p><\/p>\t\t\t\t\t\t\t\t<\/div>\n\t\t\t\t<\/div>\n\t\t\t\t\t<\/div>\n\t\t<\/div>\n\t\t\t\t\t<\/div>\n\t\t<\/section>\n\t\t\t\t<section class=\"elementor-section elementor-top-section elementor-element elementor-element-94d44b5 elementor-section-boxed elementor-section-height-default elementor-section-height-default\" data-id=\"94d44b5\" data-element_type=\"section\">\n\t\t\t\t\t\t<div class=\"elementor-container elementor-column-gap-default\">\n\t\t\t\t\t<div class=\"elementor-column elementor-col-100 elementor-top-column elementor-element elementor-element-c9d06bf\" data-id=\"c9d06bf\" data-element_type=\"column\">\n\t\t\t<div class=\"elementor-widget-wrap elementor-element-populated\">\n\t\t\t\t\t\t<div class=\"elementor-element elementor-element-d34f751 elementor-align-center elementor-widget elementor-widget-button\" data-id=\"d34f751\" data-element_type=\"widget\" data-widget_type=\"button.default\">\n\t\t\t\t<div class=\"elementor-widget-container\">\n\t\t\t\t\t\t\t\t\t<div class=\"elementor-button-wrapper\">\n\t\t\t\t\t<a class=\"elementor-button elementor-button-link elementor-size-sm\" href=\"https:\/\/resetdrogas.com.ar\/wp-content\/uploads\/2020\/10\/carta-abierta-a-berni.pdf\">\n\t\t\t\t\t\t<span class=\"elementor-button-content-wrapper\">\n\t\t\t\t\t\t<span class=\"elementor-button-icon\">\n\t\t\t\t<i aria-hidden=\"true\" class=\"far fa-file-pdf\"><\/i>\t\t\t<\/span>\n\t\t\t\t\t\t\t\t\t<span class=\"elementor-button-text\">Descarg\u00e1 la carta en PDF<\/span>\n\t\t\t\t\t<\/span>\n\t\t\t\t\t<\/a>\n\t\t\t\t<\/div>\n\t\t\t\t\t\t\t\t<\/div>\n\t\t\t\t<\/div>\n\t\t\t\t\t<\/div>\n\t\t<\/div>\n\t\t\t\t\t<\/div>\n\t\t<\/section>\n\t\t\t\t<\/div>\n\t\t","protected":false},"excerpt":{"rendered":"<p>Como respuesta al spot estigmatizante contra la poblaci\u00f3n migrante y las personas trans, 55 organizaciones sociales publican esta carta abierta al Ministro de Seguridad Sergio Berni pidiendo una disculpa p\u00fablica. <\/p>\n","protected":false},"author":1,"featured_media":1552,"comment_status":"open","ping_status":"open","sticky":false,"template":"","format":"standard","meta":{"neve_meta_sidebar":"","neve_meta_container":"","neve_meta_enable_content_width":"off","neve_meta_content_width":0,"neve_meta_title_alignment":"","neve_meta_author_avatar":"","neve_post_elements_order":"","neve_meta_disable_header":"","neve_meta_disable_footer":"","neve_meta_disable_title":"","footnotes":""},"categories":[11,21],"tags":[122,17,121],"class_list":["post-1551","post","type-post","status-publish","format-standard","has-post-thumbnail","hentry","category-medios","category-publicaciones","tag-carta-abierta","tag-politicas-de-drogas","tag-sergio-berni"],"yoast_head":"<!-- This site is optimized with the Yoast SEO plugin v26.1.1 - https:\/\/yoast.com\/wordpress\/plugins\/seo\/ -->\n<title>Carta abierta a Sergio Berni - RESET - Pol\u00edtica de Drogas y Derechos Humanos<\/title>\n<meta name=\"robots\" content=\"index, follow, max-snippet:-1, max-image-preview:large, max-video-preview:-1\" \/>\n<link rel=\"canonical\" href=\"https:\/\/resetdrogas.com.ar\/index.php\/2020\/10\/14\/carta-abierta-a-sergio-berni\/\" \/>\n<meta property=\"og:locale\" content=\"es_ES\" \/>\n<meta property=\"og:type\" content=\"article\" \/>\n<meta property=\"og:title\" content=\"Carta abierta a Sergio Berni - RESET - Pol\u00edtica de Drogas y Derechos Humanos\" \/>\n<meta property=\"og:description\" content=\"Como respuesta al spot estigmatizante contra la poblaci\u00f3n migrante y las personas trans, 55 organizaciones sociales publican esta carta abierta al Ministro de Seguridad Sergio Berni pidiendo una disculpa p\u00fablica.\" \/>\n<meta property=\"og:url\" content=\"https:\/\/resetdrogas.com.ar\/index.php\/2020\/10\/14\/carta-abierta-a-sergio-berni\/\" \/>\n<meta property=\"og:site_name\" content=\"RESET - Pol\u00edtica de Drogas y Derechos Humanos\" \/>\n<meta property=\"article:publisher\" content=\"https:\/\/www.facebook.com\/resetdrogas\/\" \/>\n<meta property=\"article:published_time\" content=\"2020-10-14T14:19:40+00:00\" \/>\n<meta property=\"article:modified_time\" content=\"2020-10-14T14:36:42+00:00\" \/>\n<meta property=\"og:image\" content=\"https:\/\/resetdrogas.com.ar\/wp-content\/uploads\/2020\/10\/WhatsApp-Image-2020-10-14-at-11.04.41.jpeg\" \/>\n\t<meta property=\"og:image:width\" content=\"1080\" \/>\n\t<meta property=\"og:image:height\" content=\"672\" \/>\n\t<meta property=\"og:image:type\" content=\"image\/jpeg\" \/>\n<meta name=\"author\" content=\"mtortiiermini\" \/>\n<meta name=\"twitter:card\" content=\"summary_large_image\" \/>\n<meta name=\"twitter:creator\" content=\"@resetdrogas\" \/>\n<meta name=\"twitter:site\" content=\"@resetdrogas\" \/>\n<meta name=\"twitter:label1\" content=\"Escrito por\" \/>\n\t<meta name=\"twitter:data1\" content=\"mtortiiermini\" \/>\n\t<meta name=\"twitter:label2\" content=\"Tiempo de lectura\" \/>\n\t<meta name=\"twitter:data2\" content=\"4 minutos\" \/>\n<script type=\"application\/ld+json\" class=\"yoast-schema-graph\">{\"@context\":\"https:\/\/schema.org\",\"@graph\":[{\"@type\":\"Article\",\"@id\":\"https:\/\/resetdrogas.com.ar\/index.php\/2020\/10\/14\/carta-abierta-a-sergio-berni\/#article\",\"isPartOf\":{\"@id\":\"https:\/\/resetdrogas.com.ar\/index.php\/2020\/10\/14\/carta-abierta-a-sergio-berni\/\"},\"author\":{\"name\":\"mtortiiermini\",\"@id\":\"https:\/\/resetdrogas.com.ar\/#\/schema\/person\/af1785bef0af326bf6470c40981f684e\"},\"headline\":\"Carta abierta a Sergio Berni\",\"datePublished\":\"2020-10-14T14:19:40+00:00\",\"dateModified\":\"2020-10-14T14:36:42+00:00\",\"mainEntityOfPage\":{\"@id\":\"https:\/\/resetdrogas.com.ar\/index.php\/2020\/10\/14\/carta-abierta-a-sergio-berni\/\"},\"wordCount\":810,\"commentCount\":1,\"publisher\":{\"@id\":\"https:\/\/resetdrogas.com.ar\/#organization\"},\"image\":{\"@id\":\"https:\/\/resetdrogas.com.ar\/index.php\/2020\/10\/14\/carta-abierta-a-sergio-berni\/#primaryimage\"},\"thumbnailUrl\":\"https:\/\/resetdrogas.com.ar\/wp-content\/uploads\/2020\/10\/WhatsApp-Image-2020-10-14-at-11.04.41.jpeg\",\"keywords\":[\"Carta Abierta\",\"Pol\u00edticas de drogas\",\"Sergio Berni\"],\"articleSection\":[\"EN MEDIOS\",\"PUBLICACIONES\"],\"inLanguage\":\"es-AR\",\"potentialAction\":[{\"@type\":\"CommentAction\",\"name\":\"Comment\",\"target\":[\"https:\/\/resetdrogas.com.ar\/index.php\/2020\/10\/14\/carta-abierta-a-sergio-berni\/#respond\"]}]},{\"@type\":\"WebPage\",\"@id\":\"https:\/\/resetdrogas.com.ar\/index.php\/2020\/10\/14\/carta-abierta-a-sergio-berni\/\",\"url\":\"https:\/\/resetdrogas.com.ar\/index.php\/2020\/10\/14\/carta-abierta-a-sergio-berni\/\",\"name\":\"Carta abierta a Sergio Berni - RESET - Pol\u00edtica de Drogas y Derechos Humanos\",\"isPartOf\":{\"@id\":\"https:\/\/resetdrogas.com.ar\/#website\"},\"primaryImageOfPage\":{\"@id\":\"https:\/\/resetdrogas.com.ar\/index.php\/2020\/10\/14\/carta-abierta-a-sergio-berni\/#primaryimage\"},\"image\":{\"@id\":\"https:\/\/resetdrogas.com.ar\/index.php\/2020\/10\/14\/carta-abierta-a-sergio-berni\/#primaryimage\"},\"thumbnailUrl\":\"https:\/\/resetdrogas.com.ar\/wp-content\/uploads\/2020\/10\/WhatsApp-Image-2020-10-14-at-11.04.41.jpeg\",\"datePublished\":\"2020-10-14T14:19:40+00:00\",\"dateModified\":\"2020-10-14T14:36:42+00:00\",\"breadcrumb\":{\"@id\":\"https:\/\/resetdrogas.com.ar\/index.php\/2020\/10\/14\/carta-abierta-a-sergio-berni\/#breadcrumb\"},\"inLanguage\":\"es-AR\",\"potentialAction\":[{\"@type\":\"ReadAction\",\"target\":[\"https:\/\/resetdrogas.com.ar\/index.php\/2020\/10\/14\/carta-abierta-a-sergio-berni\/\"]}]},{\"@type\":\"ImageObject\",\"inLanguage\":\"es-AR\",\"@id\":\"https:\/\/resetdrogas.com.ar\/index.php\/2020\/10\/14\/carta-abierta-a-sergio-berni\/#primaryimage\",\"url\":\"https:\/\/resetdrogas.com.ar\/wp-content\/uploads\/2020\/10\/WhatsApp-Image-2020-10-14-at-11.04.41.jpeg\",\"contentUrl\":\"https:\/\/resetdrogas.com.ar\/wp-content\/uploads\/2020\/10\/WhatsApp-Image-2020-10-14-at-11.04.41.jpeg\",\"width\":1080,\"height\":672},{\"@type\":\"BreadcrumbList\",\"@id\":\"https:\/\/resetdrogas.com.ar\/index.php\/2020\/10\/14\/carta-abierta-a-sergio-berni\/#breadcrumb\",\"itemListElement\":[{\"@type\":\"ListItem\",\"position\":1,\"name\":\"Inicio\",\"item\":\"https:\/\/resetdrogas.com.ar\/\"},{\"@type\":\"ListItem\",\"position\":2,\"name\":\"Carta abierta a Sergio Berni\"}]},{\"@type\":\"WebSite\",\"@id\":\"https:\/\/resetdrogas.com.ar\/#website\",\"url\":\"https:\/\/resetdrogas.com.ar\/\",\"name\":\"RESET - Pol\u00edtica de Drogas y Derechos Humanos\",\"description\":\"ONG de Argentina dedicada a las pol\u00edticas de drogas respetuosas de los derechos humanos.\",\"publisher\":{\"@id\":\"https:\/\/resetdrogas.com.ar\/#organization\"},\"potentialAction\":[{\"@type\":\"SearchAction\",\"target\":{\"@type\":\"EntryPoint\",\"urlTemplate\":\"https:\/\/resetdrogas.com.ar\/?s={search_term_string}\"},\"query-input\":{\"@type\":\"PropertyValueSpecification\",\"valueRequired\":true,\"valueName\":\"search_term_string\"}}],\"inLanguage\":\"es-AR\"},{\"@type\":\"Organization\",\"@id\":\"https:\/\/resetdrogas.com.ar\/#organization\",\"name\":\"RESET - Pol\u00edtica de Drogas y Derechos Humanos\",\"url\":\"https:\/\/resetdrogas.com.ar\/\",\"logo\":{\"@type\":\"ImageObject\",\"inLanguage\":\"es-AR\",\"@id\":\"https:\/\/resetdrogas.com.ar\/#\/schema\/logo\/image\/\",\"url\":\"https:\/\/resetdrogas.com.ar\/wp-content\/uploads\/2019\/07\/cropped-VERSION-FINAL-EN-ESPA\u00d1OL-1.png\",\"contentUrl\":\"https:\/\/resetdrogas.com.ar\/wp-content\/uploads\/2019\/07\/cropped-VERSION-FINAL-EN-ESPA\u00d1OL-1.png\",\"width\":3000,\"height\":1033,\"caption\":\"RESET - Pol\u00edtica de Drogas y Derechos Humanos\"},\"image\":{\"@id\":\"https:\/\/resetdrogas.com.ar\/#\/schema\/logo\/image\/\"},\"sameAs\":[\"https:\/\/www.facebook.com\/resetdrogas\/\",\"https:\/\/x.com\/resetdrogas\",\"https:\/\/www.instagram.com\/resetdrogas\/\",\"https:\/\/www.youtube.com\/channel\/UC5jrDolttVvxNJtewHOtl_w\"]},{\"@type\":\"Person\",\"@id\":\"https:\/\/resetdrogas.com.ar\/#\/schema\/person\/af1785bef0af326bf6470c40981f684e\",\"name\":\"mtortiiermini\",\"image\":{\"@type\":\"ImageObject\",\"inLanguage\":\"es-AR\",\"@id\":\"https:\/\/resetdrogas.com.ar\/#\/schema\/person\/image\/\",\"url\":\"https:\/\/secure.gravatar.com\/avatar\/fd7caec3fcbaea3fa7e228936f7df10d9f47fa021e3ff76455f3a73b5c74836a?s=96&d=mm&r=g\",\"contentUrl\":\"https:\/\/secure.gravatar.com\/avatar\/fd7caec3fcbaea3fa7e228936f7df10d9f47fa021e3ff76455f3a73b5c74836a?s=96&d=mm&r=g\",\"caption\":\"mtortiiermini\"},\"url\":\"https:\/\/resetdrogas.com.ar\/index.php\/author\/mtortiiermini\/\"}]}<\/script>\n<!-- \/ Yoast SEO plugin. -->","yoast_head_json":{"title":"Carta abierta a Sergio Berni - RESET - Pol\u00edtica de Drogas y Derechos Humanos","robots":{"index":"index","follow":"follow","max-snippet":"max-snippet:-1","max-image-preview":"max-image-preview:large","max-video-preview":"max-video-preview:-1"},"canonical":"https:\/\/resetdrogas.com.ar\/index.php\/2020\/10\/14\/carta-abierta-a-sergio-berni\/","og_locale":"es_ES","og_type":"article","og_title":"Carta abierta a Sergio Berni - RESET - Pol\u00edtica de Drogas y Derechos Humanos","og_description":"Como respuesta al spot estigmatizante contra la poblaci\u00f3n migrante y las personas trans, 55 organizaciones sociales publican esta carta abierta al Ministro de Seguridad Sergio Berni pidiendo una disculpa p\u00fablica.","og_url":"https:\/\/resetdrogas.com.ar\/index.php\/2020\/10\/14\/carta-abierta-a-sergio-berni\/","og_site_name":"RESET - Pol\u00edtica de Drogas y Derechos Humanos","article_publisher":"https:\/\/www.facebook.com\/resetdrogas\/","article_published_time":"2020-10-14T14:19:40+00:00","article_modified_time":"2020-10-14T14:36:42+00:00","og_image":[{"width":1080,"height":672,"url":"https:\/\/resetdrogas.com.ar\/wp-content\/uploads\/2020\/10\/WhatsApp-Image-2020-10-14-at-11.04.41.jpeg","type":"image\/jpeg"}],"author":"mtortiiermini","twitter_card":"summary_large_image","twitter_creator":"@resetdrogas","twitter_site":"@resetdrogas","twitter_misc":{"Escrito por":"mtortiiermini","Tiempo de lectura":"4 minutos"},"schema":{"@context":"https:\/\/schema.org","@graph":[{"@type":"Article","@id":"https:\/\/resetdrogas.com.ar\/index.php\/2020\/10\/14\/carta-abierta-a-sergio-berni\/#article","isPartOf":{"@id":"https:\/\/resetdrogas.com.ar\/index.php\/2020\/10\/14\/carta-abierta-a-sergio-berni\/"},"author":{"name":"mtortiiermini","@id":"https:\/\/resetdrogas.com.ar\/#\/schema\/person\/af1785bef0af326bf6470c40981f684e"},"headline":"Carta abierta a Sergio Berni","datePublished":"2020-10-14T14:19:40+00:00","dateModified":"2020-10-14T14:36:42+00:00","mainEntityOfPage":{"@id":"https:\/\/resetdrogas.com.ar\/index.php\/2020\/10\/14\/carta-abierta-a-sergio-berni\/"},"wordCount":810,"commentCount":1,"publisher":{"@id":"https:\/\/resetdrogas.com.ar\/#organization"},"image":{"@id":"https:\/\/resetdrogas.com.ar\/index.php\/2020\/10\/14\/carta-abierta-a-sergio-berni\/#primaryimage"},"thumbnailUrl":"https:\/\/resetdrogas.com.ar\/wp-content\/uploads\/2020\/10\/WhatsApp-Image-2020-10-14-at-11.04.41.jpeg","keywords":["Carta Abierta","Pol\u00edticas de drogas","Sergio Berni"],"articleSection":["EN MEDIOS","PUBLICACIONES"],"inLanguage":"es-AR","potentialAction":[{"@type":"CommentAction","name":"Comment","target":["https:\/\/resetdrogas.com.ar\/index.php\/2020\/10\/14\/carta-abierta-a-sergio-berni\/#respond"]}]},{"@type":"WebPage","@id":"https:\/\/resetdrogas.com.ar\/index.php\/2020\/10\/14\/carta-abierta-a-sergio-berni\/","url":"https:\/\/resetdrogas.com.ar\/index.php\/2020\/10\/14\/carta-abierta-a-sergio-berni\/","name":"Carta abierta a Sergio Berni - RESET - Pol\u00edtica de Drogas y Derechos Humanos","isPartOf":{"@id":"https:\/\/resetdrogas.com.ar\/#website"},"primaryImageOfPage":{"@id":"https:\/\/resetdrogas.com.ar\/index.php\/2020\/10\/14\/carta-abierta-a-sergio-berni\/#primaryimage"},"image":{"@id":"https:\/\/resetdrogas.com.ar\/index.php\/2020\/10\/14\/carta-abierta-a-sergio-berni\/#primaryimage"},"thumbnailUrl":"https:\/\/resetdrogas.com.ar\/wp-content\/uploads\/2020\/10\/WhatsApp-Image-2020-10-14-at-11.04.41.jpeg","datePublished":"2020-10-14T14:19:40+00:00","dateModified":"2020-10-14T14:36:42+00:00","breadcrumb":{"@id":"https:\/\/resetdrogas.com.ar\/index.php\/2020\/10\/14\/carta-abierta-a-sergio-berni\/#breadcrumb"},"inLanguage":"es-AR","potentialAction":[{"@type":"ReadAction","target":["https:\/\/resetdrogas.com.ar\/index.php\/2020\/10\/14\/carta-abierta-a-sergio-berni\/"]}]},{"@type":"ImageObject","inLanguage":"es-AR","@id":"https:\/\/resetdrogas.com.ar\/index.php\/2020\/10\/14\/carta-abierta-a-sergio-berni\/#primaryimage","url":"https:\/\/resetdrogas.com.ar\/wp-content\/uploads\/2020\/10\/WhatsApp-Image-2020-10-14-at-11.04.41.jpeg","contentUrl":"https:\/\/resetdrogas.com.ar\/wp-content\/uploads\/2020\/10\/WhatsApp-Image-2020-10-14-at-11.04.41.jpeg","width":1080,"height":672},{"@type":"BreadcrumbList","@id":"https:\/\/resetdrogas.com.ar\/index.php\/2020\/10\/14\/carta-abierta-a-sergio-berni\/#breadcrumb","itemListElement":[{"@type":"ListItem","position":1,"name":"Inicio","item":"https:\/\/resetdrogas.com.ar\/"},{"@type":"ListItem","position":2,"name":"Carta abierta a Sergio Berni"}]},{"@type":"WebSite","@id":"https:\/\/resetdrogas.com.ar\/#website","url":"https:\/\/resetdrogas.com.ar\/","name":"RESET - Pol\u00edtica de Drogas y Derechos Humanos","description":"ONG de Argentina dedicada a las pol\u00edticas de drogas respetuosas de los derechos humanos.","publisher":{"@id":"https:\/\/resetdrogas.com.ar\/#organization"},"potentialAction":[{"@type":"SearchAction","target":{"@type":"EntryPoint","urlTemplate":"https:\/\/resetdrogas.com.ar\/?s={search_term_string}"},"query-input":{"@type":"PropertyValueSpecification","valueRequired":true,"valueName":"search_term_string"}}],"inLanguage":"es-AR"},{"@type":"Organization","@id":"https:\/\/resetdrogas.com.ar\/#organization","name":"RESET - Pol\u00edtica de Drogas y Derechos Humanos","url":"https:\/\/resetdrogas.com.ar\/","logo":{"@type":"ImageObject","inLanguage":"es-AR","@id":"https:\/\/resetdrogas.com.ar\/#\/schema\/logo\/image\/","url":"https:\/\/resetdrogas.com.ar\/wp-content\/uploads\/2019\/07\/cropped-VERSION-FINAL-EN-ESPA\u00d1OL-1.png","contentUrl":"https:\/\/resetdrogas.com.ar\/wp-content\/uploads\/2019\/07\/cropped-VERSION-FINAL-EN-ESPA\u00d1OL-1.png","width":3000,"height":1033,"caption":"RESET - Pol\u00edtica de Drogas y Derechos Humanos"},"image":{"@id":"https:\/\/resetdrogas.com.ar\/#\/schema\/logo\/image\/"},"sameAs":["https:\/\/www.facebook.com\/resetdrogas\/","https:\/\/x.com\/resetdrogas","https:\/\/www.instagram.com\/resetdrogas\/","https:\/\/www.youtube.com\/channel\/UC5jrDolttVvxNJtewHOtl_w"]},{"@type":"Person","@id":"https:\/\/resetdrogas.com.ar\/#\/schema\/person\/af1785bef0af326bf6470c40981f684e","name":"mtortiiermini","image":{"@type":"ImageObject","inLanguage":"es-AR","@id":"https:\/\/resetdrogas.com.ar\/#\/schema\/person\/image\/","url":"https:\/\/secure.gravatar.com\/avatar\/fd7caec3fcbaea3fa7e228936f7df10d9f47fa021e3ff76455f3a73b5c74836a?s=96&d=mm&r=g","contentUrl":"https:\/\/secure.gravatar.com\/avatar\/fd7caec3fcbaea3fa7e228936f7df10d9f47fa021e3ff76455f3a73b5c74836a?s=96&d=mm&r=g","caption":"mtortiiermini"},"url":"https:\/\/resetdrogas.com.ar\/index.php\/author\/mtortiiermini\/"}]}},"_links":{"self":[{"href":"https:\/\/resetdrogas.com.ar\/index.php\/wp-json\/wp\/v2\/posts\/1551","targetHints":{"allow":["GET"]}}],"collection":[{"href":"https:\/\/resetdrogas.com.ar\/index.php\/wp-json\/wp\/v2\/posts"}],"about":[{"href":"https:\/\/resetdrogas.com.ar\/index.php\/wp-json\/wp\/v2\/types\/post"}],"author":[{"embeddable":true,"href":"https:\/\/resetdrogas.com.ar\/index.php\/wp-json\/wp\/v2\/users\/1"}],"replies":[{"embeddable":true,"href":"https:\/\/resetdrogas.com.ar\/index.php\/wp-json\/wp\/v2\/comments?post=1551"}],"version-history":[{"count":6,"href":"https:\/\/resetdrogas.com.ar\/index.php\/wp-json\/wp\/v2\/posts\/1551\/revisions"}],"predecessor-version":[{"id":1559,"href":"https:\/\/resetdrogas.com.ar\/index.php\/wp-json\/wp\/v2\/posts\/1551\/revisions\/1559"}],"wp:featuredmedia":[{"embeddable":true,"href":"https:\/\/resetdrogas.com.ar\/index.php\/wp-json\/wp\/v2\/media\/1552"}],"wp:attachment":[{"href":"https:\/\/resetdrogas.com.ar\/index.php\/wp-json\/wp\/v2\/media?parent=1551"}],"wp:term":[{"taxonomy":"category","embeddable":true,"href":"https:\/\/resetdrogas.com.ar\/index.php\/wp-json\/wp\/v2\/categories?post=1551"},{"taxonomy":"post_tag","embeddable":true,"href":"https:\/\/resetdrogas.com.ar\/index.php\/wp-json\/wp\/v2\/tags?post=1551"}],"curies":[{"name":"wp","href":"https:\/\/api.w.org\/{rel}","templated":true}]}}